{"id":18137,"date":"2026-08-13T12:02:46","date_gmt":"2026-08-13T17:02:46","guid":{"rendered":"https:\/\/amc.gov.co\/amc\/?p=18137"},"modified":"2026-09-04T13:01:12","modified_gmt":"2026-09-04T18:01:12","slug":"area-metropolitana-de-cucuta-fortalece-acciones-con-la-agencia-nacional-de-seguridad-vial","status":"publish","type":"post","link":"https:\/\/amc.gov.co\/amc\/area-metropolitana-de-cucuta-fortalece-acciones-con-la-agencia-nacional-de-seguridad-vial\/","title":{"rendered":"\u00c1rea Metropolitana de C\u00facuta fortalece acciones con la Agencia Nacional de Seguridad Vial"},"content":{"rendered":"<div class=\"vce-row-container\"><div class=\"vce-row vce-row--col-gap-30 vce-row-equal-height vce-row-content--middle\" data-vce-full-width=\"true\" data-vce-stretch-content=\"true\" id=\"el-6a520d01\" data-vce-do-apply=\"all el-6a520d01\"><div class=\"vce-content-background-container\"><\/div><div class=\"vce-row-content\" data-vce-element-content=\"true\"><div class=\"vce-col vce-col--md-auto vce-col--xs-1 vce-col--xs-last vce-col--xs-first vce-col--sm-last vce-col--sm-first vce-col--md-last vce-col--lg-last vce-col--xl-last vce-col--md-first vce-col--lg-first vce-col--xl-first\" id=\"el-c500fb7d\"><div class=\"vce-col-inner\" data-vce-do-apply=\"border margin background  el-c500fb7d\"><div class=\"vce-col-content\" data-vce-element-content=\"true\" data-vce-do-apply=\"padding el-c500fb7d\"><div class=\"vce-text-block\"><div class=\"vce-text-block-wrapper vce\" id=\"el-6bf6a9d0\" data-vce-do-apply=\"all el-6bf6a9d0\"><nav aria-label=\"breadcrumb\">\n<ol class=\"breadcrumb gov-co-breadcrumb\">\n<li class=\"breadcrumb-item\"><i class=\"fas fa-home\"><\/i> <a href=\"https:\/\/amc.gov.co\/amc\/\"><span style=\"font-style: normal; font-weight: 400;\">Inicio <\/span><\/a><\/li>\n<li class=\"breadcrumb-item active\" aria-current=\"page\"><a href=\"https:\/\/amc.gov.co\/amc\/?page_id=9241\/\"> Prensa <\/a><\/li>\n<li class=\"breadcrumb-item active\" aria-current=\"page\"><a href=\"https:\/\/amc.gov.co\/amc\/noticias\/\">Noticias <\/a><\/li>\n<li class=\"breadcrumb-item active\" aria-current=\"page\"><a class=\"row-title\" href=\"https:\/\/amc.gov.co\/amc\/area-metropolitana-de-cucuta-fortalece-acciones-con-la-agencia-nacional-de-seguridad-vial\/\" aria-label=\"Jornada de trabajo entre el \u00c1rea Metropolitana de C\u00facuta y la ANSV\u201d (Editar)\">Jornada de trabajo entre el \u00c1rea Metropolitana de C\u00facuta y la ANSV&nbsp;<\/a><\/li>\n<\/ol>\n<\/nav>\n<\/div><\/div><\/div><\/div><\/div><\/div><\/div><\/div><div class=\"vce-row-container\"><div class=\"vce-row vce-row--col-gap-15 vce-row-content--middle\" data-vce-full-width=\"true\" data-vce-stretch-content=\"true\" id=\"el-b2cbf3cc\" data-vce-do-apply=\"all el-b2cbf3cc\"><div class=\"vce-content-background-container\"><\/div><div class=\"vce-row-content\" data-vce-element-content=\"true\"><div class=\"vce-col vce-col--xs-100p vce-col--xs-visible vce-col--xs-last vce-col--xs-first vce-col--sm-100p vce-col--sm-visible vce-col--sm-last vce-col--sm-first vce-col--md-100p vce-col--md-visible vce-col--md-last vce-col--md-first vce-col--lg-100p vce-col--lg-visible vce-col--lg-last vce-col--lg-first vce-col--xl-100p vce-col--xl-visible vce-col--xl-last vce-col--xl-first\" id=\"el-08d33db6\"><div class=\"vce-col-inner\" data-vce-do-apply=\"border margin background  el-08d33db6\"><div class=\"vce-col-content\" data-vce-element-content=\"true\" data-vce-do-apply=\"padding el-08d33db6\"><div class=\"vce-text-block\"><div class=\"vce-text-block-wrapper vce\" id=\"el-b855adee\" data-vce-do-apply=\"all el-b855adee\"><h2 style=\"line-height: 1.5; text-align: center;\"><span style=\"font-family: Montserrat; font-weight: bold; font-style: normal; font-size: 36pt; color: #000000;\">\u00c1rea Metropolitana de C\u00facuta fortalece acciones con la Agencia Nacional de Seguridad Vial<\/span><\/h2><\/div><\/div><\/div><\/div><\/div><\/div><\/div><\/div><div class=\"vce-row-container\"><div class=\"vce-row vce-row--has-col-background vce-row--col-gap-15 vce-row-content--top\" data-vce-full-width=\"true\" data-vce-stretch-content=\"true\" id=\"el-515d7b1a\" data-vce-do-apply=\"all el-515d7b1a\"><div class=\"vce-content-background-container\"><\/div><div class=\"vce-row-content\" data-vce-element-content=\"true\"><div class=\"vce-col vce-element--has-background vce-col--xs-100p vce-col--xs-visible vce-col--xs-last vce-col--xs-first vce-col--sm-100p vce-col--sm-visible vce-col--sm-last vce-col--sm-first vce-col--md-100p vce-col--md-visible vce-col--md-last vce-col--md-first vce-col--lg-100p vce-col--lg-visible vce-col--lg-last vce-col--lg-first vce-col--xl-100p vce-col--xl-visible vce-col--xl-last vce-col--xl-first\" id=\"el-f9111254\"><div class=\"vce-col-inner\" data-vce-do-apply=\"border margin background  el-f9111254\"><div class=\"vce-content-background-container\"><div class=\"vce-asset-background-zoom-container vce-visible-all-only vce-asset-background-zoom--position-center-top\"><div class=\"vce-asset-background-zoom-container vce-visible-all-only vce-asset-background-zoom--position-center-top\"><div class=\"vce-asset-background-zoom--scale-helper\" style=\"transform:scale(1.29)\"><div class=\"vce-asset-background-zoom\" data-vce-assets-zoom=\"out\" data-vce-assets-zoom-scale=\"0.7751937984496123\" data-vce-assets-zoom-duration=\"10\">\n              <div class=\"vce-asset-background-zoom-item vcv-lozad\" data-background-image=\"https:\/\/amc.gov.co\/amc\/wp-content\/uploads\/2026\/08\/Jornada-de-trabajo-entre-el-Area-Metropolitana-de-Cucuta-y-la-ANSV-Banner.png\"><\/div>\n              <noscript>\n                <div class=\"vce-asset-background-zoom-item\" style=\"background-image: url(https:\/\/amc.gov.co\/amc\/wp-content\/uploads\/2026\/08\/Jornada-de-trabajo-entre-el-Area-Metropolitana-de-Cucuta-y-la-ANSV-Banner.png)\"><\/div>\n              <\/noscript>\n            <\/div><\/div><\/div><\/div><\/div><div class=\"vce-col-content\" data-vce-element-content=\"true\" data-vce-do-apply=\"padding el-f9111254\"><div class=\"vce-row-container\" data-vce-boxed-width=\"true\"><div class=\"vce-row vce-row--col-gap-30 vce-row-content--top\" id=\"el-525de152\" data-vce-do-apply=\"all el-525de152\"><div class=\"vce-row-content\" data-vce-element-content=\"true\"><div class=\"vce-col vce-col--md-60p vce-col--xs-1 vce-col--xs-last vce-col--xs-first vce-col--sm-last vce-col--sm-first vce-col--md-first vce-col--lg-first vce-col--xl-first\" id=\"el-e45f23f3\"><div class=\"vce-col-inner\" data-vce-do-apply=\"border margin background  el-e45f23f3\"><div class=\"vce-content-background-container\"><\/div><div class=\"vce-col-content\" data-vce-element-content=\"true\" data-vce-do-apply=\"padding el-e45f23f3\"><div class=\"vce-text-block\"><div class=\"vce-text-block-wrapper vce\" id=\"el-a24451b3\" data-vce-do-apply=\"all el-a24451b3\"><h2><span style=\"font-family: Montserrat; color: #ffffff;\">\"<\/span><\/h2><\/div><\/div><\/div><\/div><\/div><div class=\"vce-col vce-col--md-40p vce-col--xs-1 vce-col--xs-last vce-col--xs-first vce-col--sm-last vce-col--sm-first vce-col--md-last vce-col--lg-last vce-col--xl-last\" id=\"el-08cd2214\"><div class=\"vce-col-inner\" data-vce-do-apply=\"border margin background  el-08cd2214\"><div class=\"vce-col-content\" data-vce-element-content=\"true\" data-vce-do-apply=\"padding el-08cd2214\"><div class=\"vcv-row-control-wrapper\"><\/div><\/div><\/div><\/div><\/div><\/div><\/div><\/div><\/div><\/div><\/div><\/div><\/div><div class=\"vce-row-container\"><div class=\"vce-row vce-row--col-gap-30 vce-row-no-paddings vce-row-content--top\" data-vce-full-width=\"true\" data-vce-stretch-content=\"true\" id=\"el-ed3ff0a4\" data-vce-do-apply=\"all el-ed3ff0a4\"><div class=\"vce-content-background-container\"><\/div><div class=\"vce-row-content\" data-vce-element-content=\"true\"><div class=\"vce-col vce-col--md-33-33p vce-col--xs-1 vce-col--xs-last vce-col--xs-first vce-col--sm-last vce-col--sm-first vce-col--md-first vce-col--lg-first vce-col--xl-first\" id=\"el-8ff984dd\"><div class=\"vce-col-inner\" data-vce-do-apply=\"border margin background  el-8ff984dd\"><div class=\"vce-content-background-container\"><\/div><div class=\"vce-col-content\" data-vce-element-content=\"true\" data-vce-do-apply=\"padding el-8ff984dd\"><div class=\"vce-row-container\" data-vce-boxed-width=\"true\"><div class=\"vce-row vce-row--col-gap-20 vce-row-content--top\" id=\"el-2348e0e0\" data-vce-do-apply=\"all el-2348e0e0\"><div class=\"vce-content-background-container\"><\/div><div class=\"vce-row-content\" data-vce-element-content=\"true\"><div class=\"vce-col vce-col--md-30p vce-col--xs-1 vce-col--xs-last vce-col--xs-first vce-col--sm-last vce-col--sm-first vce-col--md-first vce-col--lg-first vce-col--xl-first\" id=\"el-b451aa38\"><div class=\"vce-col-inner\" data-vce-do-apply=\"border margin background  el-b451aa38\"><div class=\"vce-col-content\" data-vce-element-content=\"true\" data-vce-do-apply=\"padding el-b451aa38\"><div class=\"vce-single-image-container vce-single-image--align-left\"><div class=\"vce vce-single-image-wrapper\" id=\"el-5ed2a556\" data-vce-do-apply=\"all el-5ed2a556\"><figure><div class=\"vce-single-image-figure-inner\" style=\"width: 1448px;\"><div class=\"vce-single-image-inner vce-single-image--absolute vce-single-image--border-rounded\" style=\"width: 100%; padding-bottom: 75%;\"><img decoding=\"async\" class=\"vce-single-image\" src=\"https:\/\/amc.gov.co\/amc\/wp-content\/uploads\/2026\/09\/Jornada-tecnica-entre-AMC-y-la-Agencia-Nacional-de-Seguridad-Vial.png\" data-img-src=\"https:\/\/amc.gov.co\/amc\/wp-content\/uploads\/2026\/09\/Jornada-tecnica-entre-AMC-y-la-Agencia-Nacional-de-Seguridad-Vial.png\" data-attachment-id=\"18147\" alt=\"La Subdirectora de Transporte P\u00fablico, Dra Kelly Tatiana Reyes Montalvo dialoga con delegado de la Agencia Nacional de Seguridad Vial durante jornada t\u00e9cnica.\" title=\"Jornada t\u00e9cnica entre AMC y la Agencia Nacional de Seguridad Vial\"><\/div><\/div><figcaption hidden=\"\"><\/figcaption><\/figure><\/div><\/div><\/div><\/div><\/div><div class=\"vce-col vce-col--md-70p vce-col--xs-1 vce-col--xs-last vce-col--xs-first vce-col--sm-last vce-col--sm-first vce-col--md-last vce-col--lg-last vce-col--xl-last\" id=\"el-f21f9de0\"><div class=\"vce-col-inner\" data-vce-do-apply=\"border margin background  el-f21f9de0\"><div class=\"vce-col-content\" data-vce-element-content=\"true\" data-vce-do-apply=\"padding el-f21f9de0\"><div class=\"vce-text-block\"><div class=\"vce-text-block-wrapper vce\" id=\"el-6255a9c4\" data-vce-do-apply=\"all el-6255a9c4\"><p>Durante el encuentro, la <strong><span style=\"color: #333333;\">Subdirectora de Transporte P\u00fablico, Kelly Tatiana Reyes Montalvo<\/span><\/strong>, junto con el equipo t\u00e9cnico de la entidad, present\u00f3 los avances alcanzados frente a los compromisos establecidos en el Plan de Mejoramiento, evidenciando resultados positivos en diferentes l\u00edneas de trabajo.<\/p>\n<p>&nbsp;<\/p><\/div><\/div><\/div><\/div><\/div><\/div><\/div><\/div><\/div><\/div><\/div><div class=\"vce-col vce-col--md-33-33p vce-col--xs-1 vce-col--xs-last vce-col--xs-first vce-col--sm-last vce-col--sm-first\" id=\"el-494199e6\"><div class=\"vce-col-inner\" data-vce-do-apply=\"border margin background  el-494199e6\"><div class=\"vce-content-background-container\"><\/div><div class=\"vce-col-content\" data-vce-element-content=\"true\" data-vce-do-apply=\"padding el-494199e6\"><div class=\"vce-row-container\" data-vce-boxed-width=\"true\"><div class=\"vce-row vce-row--col-gap-20 vce-row-content--top\" id=\"el-c8d1cc13\" data-vce-do-apply=\"all el-c8d1cc13\"><div class=\"vce-content-background-container\"><\/div><div class=\"vce-row-content\" data-vce-element-content=\"true\"><div class=\"vce-col vce-col--md-30p vce-col--xs-1 vce-col--xs-last vce-col--xs-first vce-col--sm-last vce-col--sm-first vce-col--md-first vce-col--lg-first vce-col--xl-first\" id=\"el-ad63f1b1\"><div class=\"vce-col-inner\" data-vce-do-apply=\"border margin background  el-ad63f1b1\"><div class=\"vce-col-content\" data-vce-element-content=\"true\" data-vce-do-apply=\"padding el-ad63f1b1\"><div class=\"vce-single-image-container vce-single-image--align-left\"><div class=\"vce vce-single-image-wrapper\" id=\"el-1a78ff89\" data-vce-do-apply=\"all el-1a78ff89\"><figure><div class=\"vce-single-image-figure-inner\" style=\"width: 1448px;\"><div class=\"vce-single-image-inner vce-single-image--absolute vce-single-image--border-rounded\" style=\"width: 100%; padding-bottom: 75%;\"><img decoding=\"async\" class=\"vce-single-image\" src=\"https:\/\/amc.gov.co\/amc\/wp-content\/uploads\/2026\/09\/Seguimiento-a-los-avances-del-Plan-de-Mejoramiento.png\" data-img-src=\"https:\/\/amc.gov.co\/amc\/wp-content\/uploads\/2026\/09\/Seguimiento-a-los-avances-del-Plan-de-Mejoramiento.png\" data-attachment-id=\"18146\" alt=\"Equipo del \u00c1rea Metropolitana de C\u00facuta y delegado de la ANSV reunidos alrededor de una mesa de trabajo con computadores port\u00e1tiles.\" title=\"Seguimiento a los avances del Plan de Mejoramiento\"><\/div><\/div><figcaption hidden=\"\"><\/figcaption><\/figure><\/div><\/div><\/div><\/div><\/div><div class=\"vce-col vce-col--md-70p vce-col--xs-1 vce-col--xs-last vce-col--xs-first vce-col--sm-last vce-col--sm-first vce-col--md-last vce-col--lg-last vce-col--xl-last\" id=\"el-50711c15\"><div class=\"vce-col-inner\" data-vce-do-apply=\"border margin background  el-50711c15\"><div class=\"vce-col-content\" data-vce-element-content=\"true\" data-vce-do-apply=\"padding el-50711c15\"><div class=\"vce-text-block\"><div class=\"vce-text-block-wrapper vce\" id=\"el-ad3caa54\" data-vce-do-apply=\"all el-ad3caa54\"><p>La jornada permiti\u00f3 adem\u00e1s revisar las acciones ejecutadas, intercambiar observaciones t\u00e9cnicas y fortalecer la coordinaci\u00f3n con la Agencia Nacional de Seguridad Vial, con el prop\u00f3sito de continuar consolidando estrategias que contribuyan a una gesti\u00f3n m\u00e1s eficiente del transporte y a mejores condiciones de seguridad vial para todos los actores.<\/p><\/div><\/div><\/div><\/div><\/div><\/div><\/div><\/div><\/div><\/div><\/div><div class=\"vce-col vce-col--md-33-33p vce-col--xs-1 vce-col--xs-last vce-col--xs-first vce-col--sm-last vce-col--sm-first vce-col--md-last vce-col--lg-last vce-col--xl-last\" id=\"el-0956d8ab\"><div class=\"vce-col-inner\" data-vce-do-apply=\"border margin background  el-0956d8ab\"><div class=\"vce-content-background-container\"><\/div><div class=\"vce-col-content\" data-vce-element-content=\"true\" data-vce-do-apply=\"padding el-0956d8ab\"><div class=\"vce-row-container\" data-vce-boxed-width=\"true\"><div class=\"vce-row vce-row--col-gap-20 vce-row-content--top\" id=\"el-b71c7fa1\" data-vce-do-apply=\"all el-b71c7fa1\"><div class=\"vce-content-background-container\"><\/div><div class=\"vce-row-content\" data-vce-element-content=\"true\"><div class=\"vce-col vce-col--md-30p vce-col--xs-1 vce-col--xs-last vce-col--xs-first vce-col--sm-last vce-col--sm-first vce-col--md-first vce-col--lg-first vce-col--xl-first\" id=\"el-a0e8d1e6\"><div class=\"vce-col-inner\" data-vce-do-apply=\"border margin background  el-a0e8d1e6\"><div class=\"vce-col-content\" data-vce-element-content=\"true\" data-vce-do-apply=\"padding el-a0e8d1e6\"><div class=\"vce-single-image-container vce-single-image--align-left\"><div class=\"vce vce-single-image-wrapper\" id=\"el-0daf689d\" data-vce-do-apply=\"all el-0daf689d\"><figure><div class=\"vce-single-image-figure-inner\" style=\"width: 1448px;\"><div class=\"vce-single-image-inner vce-single-image--absolute vce-single-image--border-rounded\" style=\"width: 100%; padding-bottom: 75%;\"><img decoding=\"async\" class=\"vce-single-image\" src=\"https:\/\/amc.gov.co\/amc\/wp-content\/uploads\/2026\/09\/Articulacion-institucional-para-fortalecer-la-seguridad-vial.png\" data-img-src=\"https:\/\/amc.gov.co\/amc\/wp-content\/uploads\/2026\/09\/Articulacion-institucional-para-fortalecer-la-seguridad-vial.png\" data-attachment-id=\"18145\" alt=\"Funcionarios del \u00c1rea Metropolitana de C\u00facuta y de la ANSV participan en reuni\u00f3n t\u00e9cnica de seguimiento y articulaci\u00f3n institucional.\" title=\"Articulaci\u00f3n institucional para fortalecer la seguridad vial\"><\/div><\/div><figcaption hidden=\"\"><\/figcaption><\/figure><\/div><\/div><\/div><\/div><\/div><div class=\"vce-col vce-col--md-70p vce-col--xs-1 vce-col--xs-last vce-col--xs-first vce-col--sm-last vce-col--sm-first vce-col--md-last vce-col--lg-last vce-col--xl-last\" id=\"el-30c0f84a\"><div class=\"vce-col-inner\" data-vce-do-apply=\"border margin background  el-30c0f84a\"><div class=\"vce-col-content\" data-vce-element-content=\"true\" data-vce-do-apply=\"padding el-30c0f84a\"><div class=\"vce-text-block\"><div class=\"vce-text-block-wrapper vce\" id=\"el-2b84219d\" data-vce-do-apply=\"all el-2b84219d\"><p>Desde el \u00c1rea Metropolitana de C\u00facuta se continuar\u00e1 trabajando de manera articulada con las entidades del orden nacional y territorial, fortaleciendo los procesos de seguimiento, control y mejoramiento que permitan avanzar hacia una movilidad m\u00e1s segura, responsable y organizada en los municipios que integran el territorio metropolitano.<\/p><\/div><\/div><\/div><\/div><\/div><\/div><\/div><\/div><\/div><\/div><\/div><\/div><\/div><\/div><div class=\"vce-row-container\"><div class=\"vce-row vce-row--col-gap-15 vce-row-content--middle\" data-vce-full-width=\"true\" data-vce-stretch-content=\"true\" id=\"el-428db3de\" data-vce-do-apply=\"all el-428db3de\"><div class=\"vce-content-background-container\"><\/div><div class=\"vce-row-content\" data-vce-element-content=\"true\"><div class=\"vce-col vce-col--xs-100p vce-col--xs-visible vce-col--xs-last vce-col--xs-first vce-col--sm-100p vce-col--sm-visible vce-col--sm-last vce-col--sm-first vce-col--md-100p vce-col--md-visible vce-col--md-last vce-col--md-first vce-col--lg-100p vce-col--lg-visible vce-col--lg-last vce-col--lg-first vce-col--xl-100p vce-col--xl-visible vce-col--xl-last vce-col--xl-first\" id=\"el-8bdb95ca\"><div class=\"vce-col-inner\" data-vce-do-apply=\"border margin background  el-8bdb95ca\"><div class=\"vce-col-content\" data-vce-element-content=\"true\" data-vce-do-apply=\"padding el-8bdb95ca\"><div class=\"vce-text-block\"><div class=\"vce-text-block-wrapper vce\" id=\"el-b84d99ad\" data-vce-do-apply=\"all el-b84d99ad\"><p style=\"text-align: center; color: #4a4a4a !important;\"><em style=\"color: #4a4a4a !important;\"><br><span style=\"font-family: Montserrat; color: #4a4a4a !important;\"><br>Entre los principales logros socializados se destac\u00f3 el <strong><span style=\"color: #333333;\">cumplimiento del 100 % en varias de las metas definidas,<\/span><\/strong> resultado del seguimiento permanente, la articulaci\u00f3n entre las \u00e1reas responsables y el compromiso institucional con el mejoramiento continuo y el fortalecimiento de la gesti\u00f3n en materia de transporte y seguridad vial.<br><\/span><br><\/em><\/p><\/div><\/div><div class=\"vce-text-block\"><div class=\"vce-text-block-wrapper vce\" id=\"el-e35d656b\" data-vce-do-apply=\"all el-e35d656b\"><p style=\"text-align: center;\" data-start=\"1471\" data-end=\"1804\"><strong><span style=\"color: #000000;\">#SeguridadVial #\u00c1reaMetropolitanaDeC\u00facuta<\/span><\/strong><\/p><\/div><\/div><div class=\"vce-raw-html\"><div class=\"vce-raw-html-wrapper\" id=\"el-bd51facf\" data-vce-do-apply=\"all el-bd51facf\"><!-- Font Awesome -->\n<link rel=\"stylesheet\" href=\"https:\/\/cdnjs.cloudflare.com\/ajax\/libs\/font-awesome\/6.5.0\/css\/all.min.css\">\n\n<div class=\"contenedor-redes\">\n\n  <p class=\"titulo-redes\">S\u00edguenos en nuestras redes sociales<\/p>\n\n  <div class=\"redes-amc\">\n    \n    <a href=\"https:\/\/web.facebook.com\/areametropolitanadecucuta\" target=\"_blank\" class=\"btn-red facebook\" rel=\"noopener\">\n      <i class=\"fa-brands fa-facebook-f\"><\/i>\n      <span>Facebook<\/span>\n    <\/a>\n\n    <a href=\"https:\/\/www.instagram.com\/areametropolitanadecucuta\/\" target=\"_blank\" class=\"btn-red instagram\" rel=\"noopener\">\n      <i class=\"fa-brands fa-instagram\"><\/i>\n      <span>Instagram<\/span>\n    <\/a>\n\n    <a href=\"https:\/\/www.youtube.com\/channel\/UC-GPo-2A-ODTgBcng2701KQ\/videos\" target=\"_blank\" class=\"btn-red youtube\" rel=\"noopener\">\n      <i class=\"fa-brands fa-youtube\"><\/i>\n      <span>YouTube<\/span>\n    <\/a>\n\n  <\/div>\n\n  <a href=\"https:\/\/amc.gov.co\/amc\/noticias\/\" class=\"ver-mas-noticias\">Ver m\u00e1s noticias<\/a>\n\n<\/div>\n\n<style>\n\n\/* T\u00cdTULO *\/\n.titulo-redes {\n  text-align: center;\n  font-size: 16px;\n  font-weight: 600;\n  margin-bottom: 15px;\n  color: #333;\n}\n\n\/* TEXTO ABAJO *\/\n.ver-mas-noticias {\n  display: block;\n  text-align: center;\n  margin-top: 15px;\n  font-size: 14px;\n  color: #36c;\n  text-decoration: none;\n  font-weight: 500;\n  transition: all 0.3s ease;\n}\n\n.ver-mas-noticias:hover {\n  text-decoration: underline;\n  opacity: 0.8;\n}\n\n\/*  RECUADRO CONTENEDOR *\/\n.contenedor-redes {\n background: linear-gradient(180deg, #ffffff, #f9f9f9);\n  border-radius: 16px;\n  padding: 20px;\n  margin: 20px auto;\n  max-width: 500px;\n  box-shadow: 0 6px 20px rgba(0,0,0,0.1);\n  border: 1px solid #eee;\n}\n\n\/* CONTENEDOR CENTRADO *\/\n.redes-amc {\n  display: flex;\n  justify-content: center; \/* ???? centra horizontal *\/\n  align-items: center;\n  gap: 12px;\n  flex-wrap: wrap;\n  margin-top: 20px;\n}\n\n\/* BOTONES *\/\n.btn-red {\n  display: flex;\n  align-items: center;\n  gap: 8px;\n  padding: 10px 16px;\n  border-radius: 30px;\n  color: #fff;\n  font-weight: 600;\n  text-decoration: none;\n  font-size: 14px;\n  transition: all 0.3s ease;\n  box-shadow: 0 4px 10px rgba(0,0,0,0.15); \/* sombra base *\/\n}\n\n\/* ICONOS *\/\n.btn-red i {\n  font-size: 16px;\n}\n\n\/* COLORES *\/\n.facebook {\n  background: #1877f2;\n}\n\n.instagram {\n  background: linear-gradient(45deg, #f58529, #dd2a7b, #8134af);\n}\n\n.youtube {\n  background: #ff0000;\n}\n\n\/* ???? EFECTO HOVER MEJORADO *\/\n.btn-red:hover {\n  transform: translateY(-3px) scale(1.06);\n  box-shadow: 0 8px 20px rgba(0,0,0,0.25);\n  opacity: 0.95;\n}\n\n\/* EFECTO GLOW SUAVE *\/\n.facebook:hover {\n  box-shadow: 0 8px 20px rgba(24, 119, 242, 0.5);\n}\n\n.instagram:hover {\n  box-shadow: 0 8px 20px rgba(221, 42, 123, 0.5);\n}\n\n.youtube:hover {\n  box-shadow: 0 8px 20px rgba(255, 0, 0, 0.5);\n}\n\n\/* RESPONSIVE *\/\n@media (max-width: 600px) {\n  .redes-amc {\n    justify-content: center;\n  }\n\n  .btn-red {\n    flex: 1;\n    justify-content: center;\n    max-width: 200px;\n  }\n}\n<\/style><\/div><\/div><\/div><\/div><\/div><\/div><\/div><\/div><div class=\"vce-row-container\"><div class=\"vce-row vce-element--has-background vce-row--col-gap-30 vce-row-content--top\" data-vce-full-width=\"true\" data-vce-stretch-content=\"true\" id=\"el-513eeda1\" data-vce-do-apply=\"all el-513eeda1\"><div class=\"vce-content-background-container\"><div class=\"vce-asset-background-simple-container vce-visible-all-only vce-asset-background-simple--style-cover vce-asset-background-simple--position-center-top\"><div class=\"vce-asset-background-simple\"><div class=\"vce-asset-background-simple-item\" style=\"background-image: url('http:\/\/proyecto-364.com\/wp-content\/uploads\/2021\/08\/fondo-contadores.png');\"><\/div><\/div><\/div><\/div><div class=\"vce-row-content\" data-vce-element-content=\"true\"><div class=\"vce-col vce-col--md-auto vce-col--xs-1 vce-col--xs-last vce-col--xs-first vce-col--sm-last vce-col--sm-first vce-col--md-first vce-col--lg-first vce-col--xl-first\" id=\"el-637a20f2\"><div class=\"vce-col-inner\" data-vce-do-apply=\"border margin background  el-637a20f2\"><div class=\"vce-col-content\" data-vce-element-content=\"true\" data-vce-do-apply=\"padding el-637a20f2\"><div class=\"vce-text-block\"><div class=\"vce-text-block-wrapper vce\" id=\"el-da45d84b\" data-vce-do-apply=\"all el-da45d84b\"><ul class=\"section-imprimir\"><br> \t<li class=\"share-print\" role=\"presentation\"><a title=\"Imprimir\" href=\"javascript:window.print(); void 0;\"><span class=\"fa fa-print fa-2x\" aria-hidden=\"true\"><\/span><span class=\"hidden\">Imprimir<\/span><\/a><\/li><br><\/ul><\/div><\/div><\/div><\/div><\/div><div class=\"vce-col vce-col--md-auto vce-col--xs-1 vce-col--xs-last vce-col--xs-first vce-col--sm-last vce-col--sm-first\" id=\"el-c54d9db6\"><div class=\"vce-col-inner\" data-vce-do-apply=\"border margin background  el-c54d9db6\"><div class=\"vce-col-content\" data-vce-element-content=\"true\" data-vce-do-apply=\"padding el-c54d9db6\"><div class=\"vcv-row-control-wrapper\"><\/div><\/div><\/div><\/div><div class=\"vce-col vce-col--md-auto vce-col--xs-1 vce-col--xs-last vce-col--xs-first vce-col--sm-last vce-col--sm-first vce-col--md-last vce-col--lg-last vce-col--xl-last\" id=\"el-0b2e87f1\"><div class=\"vce-col-inner\" data-vce-do-apply=\"border margin background  el-0b2e87f1\"><div class=\"vce-col-content\" data-vce-element-content=\"true\" data-vce-do-apply=\"padding el-0b2e87f1\"><div class=\"vce-text-block\"><div class=\"vce-text-block-wrapper vce\" id=\"el-0976081d\" data-vce-do-apply=\"all el-0976081d\"><div class=\"section-count\">N\u00famero de visitas a esta p\u00e1gina 0<br>Fecha de publicaci\u00f3n 13 agosto, 2026<br>\u00daltima modificaci\u00f3n 4 septiembre, 2026<\/div><\/div><\/div><\/div><\/div><\/div><\/div><\/div><\/div>","protected":false},"excerpt":{"rendered":"<p>Inicio Prensa Noticias Jornada de trabajo entre el \u00c1rea Metropolitana de C\u00facuta y la ANSV&nbsp; \u00c1rea Metropolitana de C\u00facuta fortalece acciones con la Agencia Nacional de Seguridad Vial &#8220;Durante el encuentro, la Subdirectora de Transporte P\u00fablico, Kelly Tatiana Reyes Montalvo, junto con el equipo t\u00e9cnico de la entidad, present\u00f3 los avances alcanzados frente a los&hellip; <a class=\"more-link\" href=\"https:\/\/amc.gov.co\/amc\/area-metropolitana-de-cucuta-fortalece-acciones-con-la-agencia-nacional-de-seguridad-vial\/\">Seguir leyendo <span class=\"screen-reader-text\">\u00c1rea Metropolitana de C\u00facuta fortalece acciones con la Agencia Nacional de Seguridad Vial<\/span><\/a><\/p>\n","protected":false},"author":3,"featured_media":18138,"comment_status":"closed","ping_status":"closed","sticky":false,"template":"","format":"standard","meta":{"footnotes":"","_joinchat":[]},"categories":[11,20],"tags":[],"_links":{"self":[{"href":"https:\/\/amc.gov.co\/amc\/wp-json\/wp\/v2\/posts\/18137"}],"collection":[{"href":"https:\/\/amc.gov.co\/amc\/wp-json\/wp\/v2\/posts"}],"about":[{"href":"https:\/\/amc.gov.co\/amc\/wp-json\/wp\/v2\/types\/post"}],"author":[{"embeddable":true,"href":"https:\/\/amc.gov.co\/amc\/wp-json\/wp\/v2\/users\/3"}],"replies":[{"embeddable":true,"href":"https:\/\/amc.gov.co\/amc\/wp-json\/wp\/v2\/comments?post=18137"}],"version-history":[{"count":21,"href":"https:\/\/amc.gov.co\/amc\/wp-json\/wp\/v2\/posts\/18137\/revisions"}],"predecessor-version":[{"id":18163,"href":"https:\/\/amc.gov.co\/amc\/wp-json\/wp\/v2\/posts\/18137\/revisions\/18163"}],"wp:featuredmedia":[{"embeddable":true,"href":"https:\/\/amc.gov.co\/amc\/wp-json\/wp\/v2\/media\/18138"}],"wp:attachment":[{"href":"https:\/\/amc.gov.co\/amc\/wp-json\/wp\/v2\/media?parent=18137"}],"wp:term":[{"taxonomy":"category","embeddable":true,"href":"https:\/\/amc.gov.co\/amc\/wp-json\/wp\/v2\/categories?post=18137"},{"taxonomy":"post_tag","embeddable":true,"href":"https:\/\/amc.gov.co\/amc\/wp-json\/wp\/v2\/tags?post=18137"}],"curies":[{"name":"wp","href":"https:\/\/api.w.org\/{rel}","templated":true}]}}