{"id":17956,"date":"2026-07-15T10:43:20","date_gmt":"2026-07-15T15:43:20","guid":{"rendered":"https:\/\/amc.gov.co\/amc\/?p=17956"},"modified":"2026-07-21T09:49:42","modified_gmt":"2026-07-21T14:49:42","slug":"7-de-julio-dia-internacional-del-suelo","status":"publish","type":"post","link":"https:\/\/amc.gov.co\/amc\/7-de-julio-dia-internacional-del-suelo\/","title":{"rendered":"7 de Julio D\u00eda Internacional del Suelo"},"content":{"rendered":"<div class=\"vce-row-container\"><div class=\"vce-row vce-row--col-gap-30 vce-row-equal-height vce-row-content--middle\" data-vce-full-width=\"true\" data-vce-stretch-content=\"true\" id=\"el-67978e0a\" data-vce-do-apply=\"all el-67978e0a\"><div class=\"vce-content-background-container\"><\/div><div class=\"vce-row-content\" data-vce-element-content=\"true\"><div class=\"vce-col vce-col--xs-100p vce-col--xs-visible vce-col--xs-last vce-col--xs-first vce-col--sm-100p vce-col--sm-visible vce-col--sm-last vce-col--sm-first vce-col--md-100p vce-col--md-visible vce-col--md-last vce-col--md-first vce-col--lg-100p vce-col--lg-visible vce-col--lg-last vce-col--lg-first vce-col--xl-100p vce-col--xl-visible vce-col--xl-last vce-col--xl-first\" id=\"el-44a719c3\"><div class=\"vce-col-inner\" data-vce-do-apply=\"border margin background  el-44a719c3\"><div class=\"vce-col-content\" data-vce-element-content=\"true\" data-vce-do-apply=\"padding el-44a719c3\"><div class=\"vce-text-block\"><div class=\"vce-text-block-wrapper vce\" id=\"el-44351257\" data-vce-do-apply=\"all el-44351257\"><nav aria-label=\"breadcrumb\"><ol class=\"breadcrumb gov-co-breadcrumb\"><li class=\"breadcrumb-item\"><a href=\"https:\/\/amc.gov.co\/amc\/\"><i class=\"fas fa-home\"><\/i> Inicio <\/a><\/li><li class=\"breadcrumb-item active\" aria-current=\"page\"><a href=\"https:\/\/amc.gov.co\/amc\/?page_id=9241\/\"> Prensa <\/a><\/li><li class=\"breadcrumb-item active\" aria-current=\"page\"><a href=\"https:\/\/amc.gov.co\/amc\/boletines\/\">Boletines<\/a><\/li><li class=\"breadcrumb-item active\" aria-current=\"page\"><a href=\"https:\/\/amc.gov.co\/amc\/7-de-julio-dia-internacional-del-suelo\/\">7 de Julio D\u00eda Internacional del Suelo<\/a><\/li><\/ol><\/nav><\/div><\/div><\/div><\/div><\/div><\/div><\/div><\/div><div class=\"vce-row-container\"><div class=\"vce-row vce-row--col-gap-15 vce-row-content--middle\" data-vce-full-width=\"true\" data-vce-stretch-content=\"true\" id=\"el-bda7027b\" data-vce-do-apply=\"all el-bda7027b\"><div class=\"vce-content-background-container\"><\/div><div class=\"vce-row-content\" data-vce-element-content=\"true\"><div class=\"vce-col vce-col--xs-100p vce-col--xs-visible vce-col--xs-last vce-col--xs-first vce-col--sm-100p vce-col--sm-visible vce-col--sm-last vce-col--sm-first vce-col--md-100p vce-col--md-visible vce-col--md-last vce-col--md-first vce-col--lg-100p vce-col--lg-visible vce-col--lg-last vce-col--lg-first vce-col--xl-100p vce-col--xl-visible vce-col--xl-last vce-col--xl-first\" id=\"el-93f9cf25\"><div class=\"vce-col-inner\" data-vce-do-apply=\"border margin background  el-93f9cf25\"><div class=\"vce-col-content\" data-vce-element-content=\"true\" data-vce-do-apply=\"padding el-93f9cf25\"><div class=\"vce-text-block\"><div class=\"vce-text-block-wrapper vce\" id=\"el-aa7e3328\" data-vce-do-apply=\"all el-aa7e3328\"><h2 style=\"text-align: center;\"><span style=\"font-family: Oswald; font-size: 42pt; font-weight: bold; font-style: normal; color: #3d3d3d;\">7 de Julio D\u00eda Internacional del Suelo<\/span><\/h2><h2>&nbsp;<\/h2><p>El D\u00eda Internacional de la <strong><span style=\"color: #000000;\">Conservaci\u00f3n del Suelo<\/span><\/strong> se conmemora cada 7 de julio. Esta fecha fue instituida en 1963 en honor al cient\u00edfico estadounidense Hugh Hammond Bennett, considerado el pionero en la investigaci\u00f3n de la calidad de la tierra y su capacidad productiva.<\/p><\/div><\/div><div class=\"vce-single-image-container vce-single-image--align-center\"><div class=\"vce vce-single-image-wrapper\" id=\"el-1059fbd3\" data-vce-do-apply=\"all el-1059fbd3\" data-vce-animate=\"vce-o-animate--zoomIn\"><figure><div class=\"vce-single-image-figure-inner\" style=\"width: 716px;\"><a href=\"https:\/\/amc.gov.co\/amc\/wp-content\/uploads\/2026\/07\/2-de-julio-dia-internacional-del-suelo.png\" data-lightbox=\"lightbox-1059fbd3\" class=\"vce-single-image-inner vce-single-image--absolute vce-single-image--border-rounded\" style=\"width: 100%; padding-bottom: 74.8603%;\"><img loading=\"lazy\" decoding=\"async\" class=\"vce-single-image\"  width=\"716\" height=\"536\" src=\"https:\/\/amc.gov.co\/amc\/wp-content\/uploads\/2026\/07\/2-de-julio-dia-internacional-del-suelo.png\" data-img-src=\"https:\/\/amc.gov.co\/amc\/wp-content\/uploads\/2026\/07\/2-de-julio-dia-internacional-del-suelo.png\" data-attachment-id=\"17957\"  alt=\"7 de Julio, D\u00eda Internacional del Suelo\" title=\"7 de Julio, D\u00eda Internacional del Suelo\" \/><\/a><\/div><figcaption hidden=\"\"><\/figcaption><\/figure><\/div><\/div><div class=\"vce-text-block\"><div class=\"vce-text-block-wrapper vce\" id=\"el-91206473\" data-vce-do-apply=\"all el-91206473\"><h2>&nbsp;<\/h2><p>Aunque el suelo se considera <strong><span style=\"color: #000000;\">un recurso renovable<\/span><\/strong>, su tasa de formaci\u00f3n es extremadamente lenta. La generaci\u00f3n de apenas unos cent\u00edmetros de suelo f\u00e9rtil puede requerir entre cientos y miles de a\u00f1os, dependiendo del clima, el relieve y el material de origen. Por ello, la p\u00e9rdida de suelo por erosi\u00f3n o degradaci\u00f3n ocurre mucho m\u00e1s r\u00e1pido de lo que puede regenerarse, convirti\u00e9ndolo, en t\u00e9rminos de gesti\u00f3n humana, en un recurso pr\u00e1cticamente <strong><span style=\"color: #000000;\">NO RENOVABLE<\/span><\/strong>. Su conservaci\u00f3n es esencial para garantizar la producci\u00f3n de alimentos, la regulaci\u00f3n del agua, el almacenamiento de carbono y el mantenimiento de la biodiversidad.<\/p><\/div><\/div><\/div><\/div><\/div><\/div><\/div><\/div><div class=\"vce-row-container\"><div class=\"vce-row vce-row--col-gap-30 vce-row-equal-height vce-row-content--middle\" data-vce-full-width=\"true\" data-vce-stretch-content=\"true\" id=\"el-7414d990\" data-vce-do-apply=\"all el-7414d990\"><div class=\"vce-content-background-container\"><\/div><div class=\"vce-row-content\" data-vce-element-content=\"true\"><div class=\"vce-col vce-col--md-auto vce-col--xs-1 vce-col--xs-last vce-col--xs-first vce-col--sm-last vce-col--sm-first vce-col--md-last vce-col--lg-last vce-col--xl-last vce-col--md-first vce-col--lg-first vce-col--xl-first\" id=\"el-d6510fff\"><div class=\"vce-col-inner\" data-vce-do-apply=\"border margin background  el-d6510fff\"><div class=\"vce-col-content\" data-vce-element-content=\"true\" data-vce-do-apply=\"padding el-d6510fff\"><div class=\"vce-text-block\"><div class=\"vce-text-block-wrapper vce\" id=\"el-058560b0\" data-vce-do-apply=\"all el-058560b0\"><h2 style=\"text-align: center;\"><span style=\"font-family: Oswald; font-size: 42pt; font-weight: bold; font-style: normal; color: #3d3d3d;\">\u00bfEs Importante?<br><\/span><\/h2>\n<p>&nbsp;<\/p>\n<p>El suelo <strong><span style=\"color: #000000;\">cumple<\/span><\/strong> funciones esenciales como el soporte de la vegetaci\u00f3n, el almacenamiento y filtraci\u00f3n del agua, el reciclaje de nutrientes y la captura de carbono, por lo que su conservaci\u00f3n beneficia tanto a las actividades productivas como al equilibrio ambiental, pero para el desarrollo humano, se ha convertido en una importante materia prima para la generaci\u00f3n de productos y servicios.&nbsp;<br><br><\/p><\/div><\/div><div class=\"vce-row-container\"><div class=\"vce-row vce-row--col-gap-15 vce-row-content--top\" data-vce-full-width=\"true\" data-vce-stretch-content=\"true\" id=\"el-8039827c\" data-vce-do-apply=\"all el-8039827c\"><div class=\"vce-content-background-container\"><\/div><div class=\"vce-row-content\" data-vce-element-content=\"true\"><div class=\"vce-col vce-col--xs-100p vce-col--xs-visible vce-col--xs-last vce-col--xs-first vce-col--sm-100p vce-col--sm-visible vce-col--sm-last vce-col--sm-first vce-col--md-100p vce-col--md-visible vce-col--md-last vce-col--md-first vce-col--lg-auto vce-col--lg-visible vce-col--lg-first vce-col--xl-49p vce-col--xl-visible vce-col--xl-first\" id=\"el-8687836f\"><div class=\"vce-col-inner\" data-vce-do-apply=\"border margin background  el-8687836f\"><div class=\"vce-col-content\" data-vce-element-content=\"true\" data-vce-do-apply=\"padding el-8687836f\"><div class=\"vce-text-block\"><div class=\"vce-text-block-wrapper vce\" id=\"el-19ed5db1\" data-vce-do-apply=\"all el-19ed5db1\"><p><strong><span style=\"color: #000000;\">\u2022<\/span><\/strong> Agricultura: producci\u00f3n de alimentos, fibras y biocombustibles.<br><strong><span style=\"color: #000000;\">\u2022 <\/span><\/strong>Ganader\u00eda: establecimiento de pasturas y producci\u00f3n pecuaria.<br><strong><span style=\"color: #000000;\">\u2022<\/span> <\/strong>Silvicultura: cultivo y aprovechamiento sostenible de bosques<br><strong><span style=\"color: #000000;\">\u2022<\/span> <\/strong>Miner\u00eda: extracci\u00f3n de minerales y materiales de construcci\u00f3n<br><strong><span style=\"color: #000000;\">\u2022<\/span><\/strong> Construcci\u00f3n e infraestructura: desarrollo de viviendas, carreteras e industrias.<br><strong><span style=\"color: #000000;\">\u2022<\/span> <\/strong>Conservaci\u00f3n ambiental: soporte para ecosistemas, restauraci\u00f3n ecol\u00f3gica y protecci\u00f3n de la biodiversidad.<br><strong><span style=\"color: #000000;\">\u2022<\/span><\/strong> Recreaci\u00f3n y turismo: parques, senderos y actividades ecotur\u00edsticas<\/p><p>Aunque el <strong><span style=\"color: #000000;\">suelo<\/span><\/strong> nos da la percepci\u00f3n de que es un <strong><span style=\"color: #000000;\">recurso abundante<\/span><\/strong>, posee las mismas caracter\u00edsticas que el agua dulce y el agua salada; Solo cerca del <strong><span style=\"color: #000000;\">10 %<\/span> <\/strong>de la corteza terrestre corresponde a suelo del cual usamos como materia prima para la generaci\u00f3n de servicios y productos; el <strong><span style=\"color: #000000;\">90 %<\/span><\/strong> restante <strong><span style=\"color: #000000;\">es roca<\/span><\/strong>. Esa delgada capa es la que permite el crecimiento de las plantas, almacenan agua y nutrientes, y sustenta la vida terrestre debido a un proceso de transformaci\u00f3n de la roca llamada Pedogenesis o Edafogenesis.<\/p><\/div><\/div><\/div><\/div><\/div><div class=\"vce-col vce-col--xs-100p vce-col--xs-visible vce-col--xs-last vce-col--xs-first vce-col--sm-100p vce-col--sm-visible vce-col--sm-last vce-col--sm-first vce-col--md-100p vce-col--md-visible vce-col--md-last vce-col--md-first vce-col--lg-auto vce-col--lg-visible vce-col--lg-last vce-col--xl-51p vce-col--xl-visible vce-col--xl-last\" id=\"el-17081732\"><div class=\"vce-col-inner\" data-vce-do-apply=\"border margin background  el-17081732\"><div class=\"vce-col-content\" data-vce-element-content=\"true\" data-vce-do-apply=\"padding el-17081732\"><div class=\"vce-raw-html\"><div class=\"vce-raw-html-wrapper\" id=\"el-6a1fcca4\" data-vce-do-apply=\"all el-6a1fcca4\"><div class=\"contenedor-instagram-img\">\n <a href=\"https:\/\/amc.gov.co\/amc\/wp-content\/uploads\/2026\/07\/Trabajador-en-la-tierra.png\" data-lightbox=\"imagen\">\n  <img decoding=\"async\" src=\"https:\/\/amc.gov.co\/amc\/wp-content\/uploads\/2026\/07\/Trabajador-en-la-tierra.png\">\n<\/a>\n<\/div>\n\n<style>\n.contenedor-instagram-img {\n  max-width: 500px;\n  margin: 20px auto;\n  padding: 10px;\n  border-radius: 16px;\n  background: #ffffff;\n  box-shadow: 0 6px 20px rgba(0,0,0,0.1);\n  border: 1px solid #eee;\n}\n\n.contenedor-instagram-img img {\n  width: 100%;\n  border-radius: 12px;\n  display: block;\n  transition: all 0.3s ease;\n}\n\n\/* EFECTO HOVER *\/\n.contenedor-instagram-img img:hover {\n  transform: scale(1.02);\n}\n<\/style>\n\n<\/div><\/div><\/div><\/div><\/div><\/div><\/div><\/div><\/div><\/div><\/div><\/div><\/div><\/div><div class=\"vce-row-container\"><div class=\"vce-row vce-row--col-gap-30 vce-row-equal-height vce-row-content--middle\" data-vce-full-width=\"true\" data-vce-stretch-content=\"true\" id=\"el-a77578c0\" data-vce-do-apply=\"all el-a77578c0\"><div class=\"vce-content-background-container\"><\/div><div class=\"vce-row-content\" data-vce-element-content=\"true\"><div class=\"vce-col vce-col--md-auto vce-col--xs-1 vce-col--xs-last vce-col--xs-first vce-col--sm-last vce-col--sm-first vce-col--md-last vce-col--lg-last vce-col--xl-last vce-col--md-first vce-col--lg-first vce-col--xl-first\" id=\"el-8254a6d7\"><div class=\"vce-col-inner\" data-vce-do-apply=\"border margin background  el-8254a6d7\"><div class=\"vce-col-content\" data-vce-element-content=\"true\" data-vce-do-apply=\"padding el-8254a6d7\"><div class=\"vce-text-block\"><div class=\"vce-text-block-wrapper vce\" id=\"el-8ac7506e\" data-vce-do-apply=\"all el-8ac7506e\"><h2 style=\"text-align: center;\"><span style=\"font-family: Oswald; font-size: 42pt; font-weight: bold; font-style: normal; color: #3d3d3d;\">Degradaci\u00f3n Del Suelo<br><\/span><\/h2>\n<p>&nbsp;<\/p>\n<p>Existen diversos tipos de suelo, clasificados tanto por su origen y formaci\u00f3n (como Molisoles, Ultisoles, Andisoles y Oxisoles) como por su textura (arcillosos, limosos y arenosos). Sus propiedades, determinadas por factores como el clima, la roca madre, los organismos, el relieve y el tiempo, definen su fertilidad, capacidad de retenci\u00f3n de agua y aptitud para distintos usos<\/p>\n<p>&nbsp;<\/p>\n<p>A pesar de sus diferencias, todos los suelos son vulnerables a la degradaci\u00f3n. Procesos como la erosi\u00f3n, la deforestaci\u00f3n, la miner\u00eda, la agricultura intensiva, el sobrepastoreo y la expansi\u00f3n urbana deterioran sus funciones. Si esta degradaci\u00f3n supera su capacidad natural de recuperaci\u00f3n, el suelo pierde su fertilidad y puede avanzar hacia la desertificaci\u00f3n, una de las formas m\u00e1s severas de degradaci\u00f3n ambiental<\/p>\n<p>&nbsp;<\/p><\/div><\/div><\/div><\/div><\/div><\/div><\/div><\/div><div class=\"vce-row-container\"><div class=\"vce-row vce-row--col-gap-30 vce-row-equal-height vce-row-content--middle\" data-vce-full-width=\"true\" data-vce-stretch-content=\"true\" id=\"el-c5d83ad5\" data-vce-do-apply=\"all el-c5d83ad5\"><div class=\"vce-content-background-container\"><\/div><div class=\"vce-row-content\" data-vce-element-content=\"true\"><div class=\"vce-col vce-col--md-auto vce-col--xs-1 vce-col--xs-last vce-col--xs-first vce-col--sm-last vce-col--sm-first vce-col--md-last vce-col--lg-last vce-col--xl-last vce-col--md-first vce-col--lg-first vce-col--xl-first\" id=\"el-26140105\"><div class=\"vce-col-inner\" data-vce-do-apply=\"border margin background  el-26140105\"><div class=\"vce-col-content\" data-vce-element-content=\"true\" data-vce-do-apply=\"padding el-26140105\"><div class=\"vce vce-separator-container vce-separator--align-center vce-separator--style-solid\" id=\"el-262d3736\" data-vce-do-apply=\"margin el-262d3736\"><div class=\"vce-separator vce-separator--color-bfc0c1 vce-separator--width-100 vce-separator--thickness-3\" data-vce-do-apply=\"border padding background  el-262d3736\"><\/div><\/div><div class=\"vce-shortcode\"><div class=\"vce-shortcode-wrapper vce\" id=\"el-2dc8b20f\" data-vce-do-apply=\"all el-2dc8b20f\"><div class='w3eden'><!-- WPDM Link Template: Widget Template -->\n\n<div class=\"media link-template-widget\">\n    <a title=\"JULIO- DIA DE LA CONSERVACI\u00d3N DEL SUELO\" target=\"_blank\" class=\"mr-3 img-48\" href=\"https:\/\/amc.gov.co\/amc\/download\/julio-dia-de-la-conservacion-del-suelo\/\">\n        <img class=\"wpdm_icon\" alt=\"Icono\"   src=\"https:\/\/amc.gov.co\/amc\/wp-content\/plugins\/download-manager\/assets\/file-type-icons\/pdf.svg\" \/>\n    <\/a>\n    <div class=\"media-body\" style=\"text-align:left!important;\">\n        <a title=\"JULIO- DIA DE LA CONSERVACI\u00d3N DEL SUELO\" target=\"_blank\" href=\"https:\/\/amc.gov.co\/amc\/download\/julio-dia-de-la-conservacion-del-suelo\/\" style=\"display: block;clear: bottom;font-size: 11pt;font-weight: bold;\">JULIO- DIA DE LA CONSERVACI\u00d3N DEL SUELO<\/a>\n\t\t\n        <div style=\"font-size: 9pt;Color:#00906B!important;\">\n            <i class=\"fas\"><\/i> 847.50 KB <i class=\"fa ml-3\"><\/i>\n            21 julio, 2026\n\t\t<\/div>\n\t\t<div style=\"font-size: 8pt;\"><strong>Descripcion: <\/strong><p>El D\u00eda Internacional de la Conservaci\u00f3n del Suelo se conmemora cada 7 de julio. Esta fecha fue instituida en 1963 en honor al cient\u00edfico estadounidense Hugh Hammond Bennett, considerado el pionero en la investigaci\u00f3n de la calidad de la tierra y su capacidad productiva.<\/p>\n<\/div>\n\t\t\n\t\t\t\t\t\n    <\/div>\n\t<div title=\"JULIO- DIA DE LA CONSERVACI\u00d3N DEL SUELO\">\n       <a class='wpdm-download-link download-on-click btn btn-primary ' rel='nofollow' href='#' data-downloadurl=\"https:\/\/amc.gov.co\/amc\/download\/julio-dia-de-la-conservacion-del-suelo\/?wpdmdl=17965&refresh=6a94dbbf7ae361788140479\">Descargar<\/a>\n    <\/div>\n    \n\n<\/div>\n\n\n<\/div><\/div><\/div><\/div><\/div><\/div><\/div><\/div><\/div><div class=\"vce-row-container\"><div class=\"vce-row vce-element--has-background vce-row--col-gap-30 vce-row-content--top\" data-vce-full-width=\"true\" data-vce-stretch-content=\"true\" id=\"el-7b314ce5\" data-vce-do-apply=\"all el-7b314ce5\"><div class=\"vce-content-background-container\"><div class=\"vce-asset-background-simple-container vce-visible-all-only vce-asset-background-simple--style-cover vce-asset-background-simple--position-center-top\"><div class=\"vce-asset-background-simple\">\n              <div class=\"vce-asset-background-simple-item vcv-lozad\" data-background-image=\"https:\/\/www.aunap.gov.co\/wp-content\/uploads\/2021\/08\/fondo-contadores.png\"><\/div>\n              <noscript>\n                <div class=\"vce-asset-background-simple-item\" style=\"background-image: url(https:\/\/www.aunap.gov.co\/wp-content\/uploads\/2021\/08\/fondo-contadores.png)\"><\/div>\n              <\/noscript>\n            <\/div><\/div><\/div><div class=\"vce-row-content\" data-vce-element-content=\"true\"><div class=\"vce-col vce-col--md-auto vce-col--xs-1 vce-col--xs-last vce-col--xs-first vce-col--sm-last vce-col--sm-first vce-col--md-first vce-col--lg-first vce-col--xl-first\" id=\"el-8a500f70\"><div class=\"vce-col-inner\" data-vce-do-apply=\"border margin background  el-8a500f70\"><div class=\"vce-col-content\" data-vce-element-content=\"true\" data-vce-do-apply=\"padding el-8a500f70\"><div class=\"vce-text-block\"><div class=\"vce-text-block-wrapper vce\" id=\"el-430f0fa4\" data-vce-do-apply=\"all el-430f0fa4\"><ul class=\"section-imprimir\"><br> \t<li class=\"share-print\" role=\"presentation\"><a title=\"Imprimir\" href=\"javascript:window.print(); void 0;\"><span class=\"fa fa-print fa-2x\" aria-hidden=\"true\"><\/span><span class=\"hidden\">Imprimir<\/span><\/a><\/li><br><\/ul><\/div><\/div><\/div><\/div><\/div><div class=\"vce-col vce-col--md-auto vce-col--xs-1 vce-col--xs-last vce-col--xs-first vce-col--sm-last vce-col--sm-first\" id=\"el-9b42d248\"><div class=\"vce-col-inner\" data-vce-do-apply=\"border margin background  el-9b42d248\"><div class=\"vce-col-content\" data-vce-element-content=\"true\" data-vce-do-apply=\"padding el-9b42d248\"><div class=\"vcv-row-control-wrapper\"><\/div><\/div><\/div><\/div><div class=\"vce-col vce-col--md-auto vce-col--xs-1 vce-col--xs-last vce-col--xs-first vce-col--sm-last vce-col--sm-first vce-col--md-last vce-col--lg-last vce-col--xl-last\" id=\"el-8e82634f\"><div class=\"vce-col-inner\" data-vce-do-apply=\"border margin background  el-8e82634f\"><div class=\"vce-col-content\" data-vce-element-content=\"true\" data-vce-do-apply=\"padding el-8e82634f\"><div class=\"vce-text-block\"><div class=\"vce-text-block-wrapper vce\" id=\"el-ea658433\" data-vce-do-apply=\"all el-ea658433\"><div class=\"section-count\">N\u00famero de visitas a esta p\u00e1gina 0<br>Fecha de publicaci\u00f3n 15 julio, 2026<br>\u00daltima modificaci\u00f3n 21 julio, 2026<\/div><\/div><\/div><\/div><\/div><\/div><\/div><\/div><\/div><div class=\"vce-row-container\" data-vce-boxed-width=\"true\"><div class=\"vce-row vce-row--col-gap-30 vce-row-equal-height vce-row-content--top\" id=\"el-63c3e525\" data-vce-do-apply=\"all el-63c3e525\"><div class=\"vce-row-content\" data-vce-element-content=\"true\"><div class=\"vce-col vce-col--md-auto vce-col--xs-1 vce-col--xs-last vce-col--xs-first vce-col--sm-last vce-col--sm-first vce-col--md-last vce-col--lg-last vce-col--xl-last vce-col--md-first vce-col--lg-first vce-col--xl-first\" id=\"el-df3ad261\"><div class=\"vce-col-inner\" data-vce-do-apply=\"border margin background  el-df3ad261\"><div class=\"vce-col-content\" data-vce-element-content=\"true\" data-vce-do-apply=\"padding el-df3ad261\"><div class=\"vcv-row-control-wrapper\"><\/div><\/div><\/div><\/div><\/div><\/div><\/div>","protected":false},"excerpt":{"rendered":"<p>Inicio Prensa Boletines7 de Julio D\u00eda Internacional del Suelo7 de Julio D\u00eda Internacional del Suelo&nbsp;El D\u00eda Internacional de la Conservaci\u00f3n del Suelo se conmemora cada 7 de julio. Esta fecha fue instituida en 1963 en honor al cient\u00edfico estadounidense Hugh Hammond Bennett, considerado el pionero en la investigaci\u00f3n de la calidad de la tierra y&hellip; <a class=\"more-link\" href=\"https:\/\/amc.gov.co\/amc\/7-de-julio-dia-internacional-del-suelo\/\">Seguir leyendo <span class=\"screen-reader-text\">7 de Julio D\u00eda Internacional del Suelo<\/span><\/a><\/p>\n","protected":false},"author":14,"featured_media":17957,"comment_status":"closed","ping_status":"closed","sticky":false,"template":"","format":"standard","meta":{"footnotes":"","_joinchat":[]},"categories":[10],"tags":[],"_links":{"self":[{"href":"https:\/\/amc.gov.co\/amc\/wp-json\/wp\/v2\/posts\/17956"}],"collection":[{"href":"https:\/\/amc.gov.co\/amc\/wp-json\/wp\/v2\/posts"}],"about":[{"href":"https:\/\/amc.gov.co\/amc\/wp-json\/wp\/v2\/types\/post"}],"author":[{"embeddable":true,"href":"https:\/\/amc.gov.co\/amc\/wp-json\/wp\/v2\/users\/14"}],"replies":[{"embeddable":true,"href":"https:\/\/amc.gov.co\/amc\/wp-json\/wp\/v2\/comments?post=17956"}],"version-history":[{"count":9,"href":"https:\/\/amc.gov.co\/amc\/wp-json\/wp\/v2\/posts\/17956\/revisions"}],"predecessor-version":[{"id":17972,"href":"https:\/\/amc.gov.co\/amc\/wp-json\/wp\/v2\/posts\/17956\/revisions\/17972"}],"wp:featuredmedia":[{"embeddable":true,"href":"https:\/\/amc.gov.co\/amc\/wp-json\/wp\/v2\/media\/17957"}],"wp:attachment":[{"href":"https:\/\/amc.gov.co\/amc\/wp-json\/wp\/v2\/media?parent=17956"}],"wp:term":[{"taxonomy":"category","embeddable":true,"href":"https:\/\/amc.gov.co\/amc\/wp-json\/wp\/v2\/categories?post=17956"},{"taxonomy":"post_tag","embeddable":true,"href":"https:\/\/amc.gov.co\/amc\/wp-json\/wp\/v2\/tags?post=17956"}],"curies":[{"name":"wp","href":"https:\/\/api.w.org\/{rel}","templated":true}]}}