{"id":17519,"date":"2026-04-29T11:18:04","date_gmt":"2026-04-29T16:18:04","guid":{"rendered":"https:\/\/amc.gov.co\/amc\/?p=17519"},"modified":"2026-04-29T12:36:00","modified_gmt":"2026-04-29T17:36:00","slug":"area-metropolitana-de-cucuta-refuerza-controles-para-combatir-el-transporte-informal","status":"publish","type":"post","link":"https:\/\/amc.gov.co\/amc\/area-metropolitana-de-cucuta-refuerza-controles-para-combatir-el-transporte-informal\/","title":{"rendered":"\u00c1rea Metropolitana de C\u00facuta refuerza controles para combatir el transporte informal"},"content":{"rendered":"<div class=\"vce-row-container\"><div class=\"vce-row vce-row--col-gap-30 vce-row-equal-height vce-row-content--middle\" data-vce-full-width=\"true\" data-vce-stretch-content=\"true\" id=\"el-183085f0\" data-vce-do-apply=\"all el-183085f0\"><div class=\"vce-content-background-container\"><\/div><div class=\"vce-row-content\" data-vce-element-content=\"true\"><div class=\"vce-col vce-col--md-auto vce-col--xs-1 vce-col--xs-last vce-col--xs-first vce-col--sm-last vce-col--sm-first vce-col--md-last vce-col--lg-last vce-col--xl-last vce-col--md-first vce-col--lg-first vce-col--xl-first\" id=\"el-25339ff3\"><div class=\"vce-col-inner\" data-vce-do-apply=\"border margin background  el-25339ff3\"><div class=\"vce-col-content\" data-vce-element-content=\"true\" data-vce-do-apply=\"padding el-25339ff3\"><div class=\"vce-text-block\"><div class=\"vce-text-block-wrapper vce\" id=\"el-e17b0bdf\" data-vce-do-apply=\"all el-e17b0bdf\"><nav aria-label=\"breadcrumb\"><ol class=\"breadcrumb gov-co-breadcrumb\"><li class=\"breadcrumb-item\"><i class=\"fas fa-home\"><\/i> <a href=\"https:\/\/amc.gov.co\/amc\/\"><span style=\"font-style: normal; font-weight: 400;\">Inicio <\/span><\/a><\/li><li class=\"breadcrumb-item active\" aria-current=\"page\"><a href=\"https:\/\/amc.gov.co\/amc\/?page_id=9241\/\"> Prensa <\/a><\/li><li class=\"breadcrumb-item active\" aria-current=\"page\"><a href=\"https:\/\/amc.gov.co\/amc\/noticias\/\">Noticias <\/a><\/li><li class=\"breadcrumb-item active\" aria-current=\"page\"><a href=\"https:\/\/amc.gov.co\/amc\/area-metropolitana-de-cucuta-refuerza-controles-para-combatir-el-transporte-informal\/\">\u00c1rea Metropolitana de C\u00facuta refuerza controles para combatir el transporte informal&nbsp;<\/a><\/li><\/ol><\/nav><\/div><\/div><\/div><\/div><\/div><\/div><\/div><\/div><div class=\"vce-row-container\"><div class=\"vce-row vce-row--col-gap-15 vce-row-content--middle\" data-vce-full-width=\"true\" data-vce-stretch-content=\"true\" id=\"el-33ffef88\" data-vce-do-apply=\"all el-33ffef88\"><div class=\"vce-content-background-container\"><\/div><div class=\"vce-row-content\" data-vce-element-content=\"true\"><div class=\"vce-col vce-col--xs-100p vce-col--xs-visible vce-col--xs-last vce-col--xs-first vce-col--sm-100p vce-col--sm-visible vce-col--sm-last vce-col--sm-first vce-col--md-90p vce-col--md-visible vce-col--md-last vce-col--md-first vce-col--lg-90p vce-col--lg-visible vce-col--lg-last vce-col--lg-first vce-col--xl-90p vce-col--xl-visible vce-col--xl-last vce-col--xl-first\" id=\"el-e1546f8c\"><div class=\"vce-col-inner\" data-vce-do-apply=\"border margin background  el-e1546f8c\"><div class=\"vce-col-content\" data-vce-element-content=\"true\" data-vce-do-apply=\"padding el-e1546f8c\"><div class=\"vce-text-block\"><div class=\"vce-text-block-wrapper vce\" id=\"el-53dd666e\" data-vce-do-apply=\"all el-53dd666e\"><h2 style=\"text-align: center;\"><span style=\"font-family: Oswald; font-size: 42pt; font-weight: bold; font-style: normal; color: #3d3d3d;\">\u00c1rea Metropolitana de C\u00facuta refuerza controles para combatir el transporte informal<\/span><\/h2><\/div><\/div><div class=\"vce-single-image-container vce-single-image--align-center\"><div class=\"vce vce-single-image-wrapper\" id=\"el-2d1aba04\" data-vce-do-apply=\"all el-2d1aba04\" data-vce-animate=\"vce-o-animate--zoomIn\"><figure><div class=\"vce-single-image-figure-inner\" style=\"width: 1920px;\"><a href=\"https:\/\/amc.gov.co\/amc\/wp-content\/uploads\/2026\/04\/AMC_portada_optimizada.jpg\" data-lightbox=\"lightbox-2d1aba04\" class=\"vce-single-image-inner vce-single-image--absolute vce-single-image--border-rounded\" style=\"width: 100%; padding-bottom: 56.25%;\"><img loading=\"lazy\" decoding=\"async\" class=\"vce-single-image\"  width=\"1920\" height=\"1080\" src=\"https:\/\/amc.gov.co\/amc\/wp-content\/uploads\/2026\/04\/AMC_portada_optimizada.jpg\" data-img-src=\"https:\/\/amc.gov.co\/amc\/wp-content\/uploads\/2026\/04\/AMC_portada_optimizada.jpg\" data-attachment-id=\"17520\"  alt=\"\" title=\"AMC_portada_optimizada\" \/><\/a><\/div><figcaption hidden=\"\"><\/figcaption><\/figure><\/div><\/div><div class=\"vce-text-block\"><div class=\"vce-text-block-wrapper vce\" id=\"el-36d91207\" data-vce-do-apply=\"all el-36d91207\"><p data-start=\"197\" data-end=\"465\">El <strong><span style=\"color: #000000;\">\u00c1rea Metropolitana de C\u00facuta<\/span><\/strong><span class=\"hover:entity-accent entity-underline inline cursor-pointer align-baseline\" style=\"color: #000000;\">&nbsp;<\/span>contin\u00faa adelantando operativos en distintos puntos estrat\u00e9gicos de la ciudad, en articulaci\u00f3n con la <strong><span style=\"color: #000000;\">Secretar\u00eda de Movilidad de C\u00facuta<\/span><\/strong>, con el objetivo de combatir el transporte informal y garantizar el cumplimiento de la normatividad vigente.<br><br><\/p><p data-start=\"467\" data-end=\"789\">Estas acciones se desarrollan en zonas clave de <span class=\"hover:entity-accent entity-underline inline cursor-pointer align-baseline\"><span class=\"whitespace-normal\">C\u00facuta<\/span><\/span>, donde las autoridades intensifican los controles para fortalecer la legalidad en la prestaci\u00f3n del servicio de transporte. Adem\u00e1s, buscan brindar mayor seguridad a los usuarios y contribuir al orden y la movilidad en la ciudad.&nbsp;<\/p><\/div><\/div><div class=\"vce-raw-html\"><div class=\"vce-raw-html-wrapper\" id=\"el-9a748a16\" data-vce-do-apply=\"all el-9a748a16\"> \n\n\n  <meta charset=\"UTF-8\">\n  <meta name=\"viewport\" content=\"width=device-width, initial-scale=1.0\">\n  <title>Carrusel Pro Moderno<\/title>\n\n  <style>\n    :root {\n      --primary: #00916a;\n      --dark: #1e293b;\n      --bg: #f8fafc;\n      --white: #ffffff;\n      --shadow: 0 10px 15px -3px rgba(0, 0, 0, 0.1);\n    }\n\n    * {\n      margin: 0;\n      padding: 0;\n      box-sizing: border-box;\n    }\n\n    body {\n      background: var(--bg);\n      font-family: 'Segoe UI', Roboto, Helvetica, Arial, sans-serif;\n      color: var(--dark);\n    }\n\n    \/* GALER\u00cdA *\/\n    .galeria {\n      padding: 60px 20px;\n      text-align: center;\n    }\n\n    .galeria h2 {\n      margin-bottom: 30px;\n      font-weight: 700;\n    }\n\n    \/* CARRUSEL CONTAINER *\/\n    .carrusel-container {\n      position: relative;\n      max-width: 900px;\n      margin: auto;\n      overflow: hidden;\n      border-radius: 15px;\n      box-shadow: var(--shadow);\n      background: #000;\n    }\n\n    .carrusel {\n      display: flex;\n      transition: transform 0.6s cubic-bezier(0.4, 0, 0.2, 1);\n      will-change: transform;\n    }\n\n    .item {\n      min-width: 100%;\n      flex: 0 0 100%;\n      display: flex;\n      align-items: center;\n      justify-content: center;\n      cursor: zoom-in;\n    }\n\n    .item img {\n      width: 100%;\n      height: auto;\n      display: block;\n      max-height: 550px;\n      object-fit: cover;\n    }\n\n    \/* BOTONES NAVEGACI\u00d3N *\/\n    .btn {\n  position: absolute !important; \/* Forzamos la posici\u00f3n *\/\n  top: 50% !important;\n  transform: translateY(-50%) !important;\n  background: rgba(0, 0, 0, 0.5) !important;\n  backdrop-filter: blur(4px);\n  color: white !important;\n  border: none !important;\n  width: 45px !important;\n  height: 45px !important;\n  cursor: pointer !important;\n  border-radius: 50% !important;\n  z-index: 999 !important; \/* Por encima de cualquier capa de WP *\/\n  font-size: 24px !important;\n  display: flex !important;\n  align-items: center !important;\n  justify-content: center !important;\n  transition: all 0.3s ease !important;\n  padding: 0 !important;\n  margin: 0 !important;\n  line-height: 1 !important;\n}\n\n.btn:hover {\n  background: var(--primary) !important;\n  transform: translateY(-50%) scale(1.1) !important;\n}\n\n\/* Forzamos los laterales *\/\n.carrusel-container .prev { \n  left: 15px !important; \n}\n\n.carrusel-container .next { \n  right: 15px !important; \n}\n\n\/* Evitar que WP a\u00f1ada espacios extra\u00f1os *\/\n.carrusel-container p, \n.carrusel-container br {\n  display: none !important;\n}\n\n    \/* LIGHTBOX *\/\n    .lightbox {\n      position: fixed;\n      top: 0;\n      left: 0;\n      width: 100%;\n      height: 100%;\n      background: rgba(15, 23, 42, 0.95);\n      display: none;\n      align-items: center;\n      justify-content: center;\n      z-index: 1000;\n      opacity: 0;\n      transition: opacity 0.3s ease;\n    }\n\n    .lightbox.active {\n      display: flex;\n      opacity: 1;\n    }\n\n    .lightbox-img {\n      max-width: 85%;\n      max-height: 85%;\n      border-radius: 8px;\n      box-shadow: 0 25px 50px -12px rgba(0, 0, 0, 0.5);\n      transform: scale(0.9);\n      transition: transform 0.3s ease;\n    }\n\n    .lightbox.active .lightbox-img {\n      transform: scale(1);\n    }\n\n    .close {\n      position: absolute;\n      top: 30px;\n      right: 30px;\n      font-size: 40px;\n      color: white;\n      cursor: pointer;\n      line-height: 1;\n    }\n\n    \/* NAV LIGHTBOX *\/\n    .nav-lb {\n      position: absolute;\n      top: 50%;\n      transform: translateY(-50%);\n      background: rgba(255,255,255,0.1);\n      border: none;\n      color: white;\n      width: 60px;\n      height: 60px;\n      cursor: pointer;\n      border-radius: 50%;\n      font-size: 24px;\n      transition: 0.3s;\n    }\n\n    .nav-lb:hover { background: var(--primary); }\n    .nav-lb.prev { left: 30px; }\n    .nav-lb.next { right: 30px; }\n\n    @media (max-width: 768px) {\n      .btn { width: 40px; height: 40px; }\n      .nav-lb { width: 45px; height: 45px; }\n    }\n  <\/style>\n\n\n\n<section class=\"galeria\">\n\n  <div class=\"carrusel-container\">\n    <button class=\"btn prev\" aria-label=\"Anterior\">\u276e<\/button>\n\n    <div class=\"carrusel\" id=\"carrusel\">\n      <a href=\"https:\/\/amc.gov.co\/amc\/wp-content\/uploads\/2026\/04\/Captura-de-pantalla-2026-04-29-105356.png\" class=\"item\" data-index=\"0\">\n        <img decoding=\"async\" src=\"https:\/\/amc.gov.co\/amc\/wp-content\/uploads\/2026\/04\/Captura-de-pantalla-2026-04-29-105356.png\" alt=\"Imagen 1\">\n      <\/a>\n      <a href=\"https:\/\/amc.gov.co\/amc\/wp-content\/uploads\/2026\/04\/Captura-de-pantalla-2026-04-29-110319.png\" class=\"item\" data-index=\"1\">\n        <img decoding=\"async\" src=\"https:\/\/amc.gov.co\/amc\/wp-content\/uploads\/2026\/04\/Captura-de-pantalla-2026-04-29-110319.png\" alt=\"Imagen 2\">\n      <\/a>\n      <a href=\"https:\/\/amc.gov.co\/amc\/wp-content\/uploads\/2026\/04\/Captura-de-pantalla-2026-04-29-110344.png\" class=\"item\" data-index=\"2\">\n        <img decoding=\"async\" src=\"https:\/\/amc.gov.co\/amc\/wp-content\/uploads\/2026\/04\/Captura-de-pantalla-2026-04-29-110344.png\" alt=\"Imagen 3\">\n      <\/a>\n    <\/div>\n\n    <button class=\"btn next\" aria-label=\"Siguiente\">\u276f<\/button>\n  <\/div>\n<\/section>\n\n<div class=\"lightbox\" id=\"lightbox\">\n  <span class=\"close\">\u00d7<\/span>\n  <img decoding=\"async\" class=\"lightbox-img\" id=\"lightbox-img\" src=\"\" alt=\"Zoom\">\n  <button class=\"nav-lb prev\">\u276e<\/button>\n  <button class=\"nav-lb next\">\u276f<\/button>\n<\/div>\n\n<script>\n  \/\/ Elementos\n  const carrusel = document.getElementById('carrusel');\n  const items = document.querySelectorAll('.item');\n  const btnNext = document.querySelector('.btn.next');\n  const btnPrev = document.querySelector('.btn.prev');\n  \n  const lightbox = document.getElementById('lightbox');\n  const lightboxImg = document.getElementById('lightbox-img');\n  const lbNext = document.querySelector('.nav-lb.next');\n  const lbPrev = document.querySelector('.nav-lb.prev');\n  const closeBtn = document.querySelector('.close');\n\n  let currentIndex = 0;\n  const totalItems = items.length;\n\n  \/\/ Actualizar Carrusel\n  function updateSlider() {\n    carrusel.style.transform = `translateX(-${currentIndex * 100}%)`;\n  }\n\n  btnNext.addEventListener('click', () => {\n    currentIndex = (currentIndex + 1) % totalItems;\n    updateSlider();\n  });\n\n  btnPrev.addEventListener('click', () => {\n    currentIndex = (currentIndex - 1 + totalItems) % totalItems;\n    updateSlider();\n  });\n\n  \/\/ Lightbox\n  function openLightbox(index) {\n    currentIndex = index;\n    const imgSrc = items[currentIndex].getAttribute('href');\n    lightboxImg.src = imgSrc;\n    lightbox.classList.add('active');\n  }\n\n  items.forEach((item, index) => {\n    item.addEventListener('click', (e) => {\n      e.preventDefault();\n      openLightbox(index);\n    });\n  });\n\n  const nextImg = () => {\n    currentIndex = (currentIndex + 1) % totalItems;\n    lightboxImg.src = items[currentIndex].getAttribute('href');\n  };\n\n  const prevImg = () => {\n    currentIndex = (currentIndex - 1 + totalItems) % totalItems;\n    lightboxImg.src = items[currentIndex].getAttribute('href');\n  };\n\n  lbNext.addEventListener('click', (e) => { e.stopPropagation(); nextImg(); });\n  lbPrev.addEventListener('click', (e) => { e.stopPropagation(); prevImg(); });\n  \n  closeBtn.addEventListener('click', () => lightbox.classList.remove('active'));\n  \n  lightbox.addEventListener('click', (e) => {\n    if (e.target !== lightboxImg && e.target !== lbNext && e.target !== lbPrev) {\n      lightbox.classList.remove('active');\n    }\n  });\n\n  \/\/ Teclado\n  document.addEventListener('keydown', (e) => {\n    if (!lightbox.classList.contains('active')) return;\n    if (e.key === 'Escape') lightbox.classList.remove('active');\n    if (e.key === 'ArrowRight') nextImg();\n    if (e.key === 'ArrowLeft') prevImg();\n  });\n<\/script>\n\n\n<\/div><\/div><div class=\"vce-text-block\"><div class=\"vce-text-block-wrapper vce\" id=\"el-af9ba541\" data-vce-do-apply=\"all el-af9ba541\"><p data-start=\"197\" data-end=\"465\">Desde las entidades participantes se reiter\u00f3 la importancia de promover el uso del transporte autorizado, destacando que estas medidas no solo mejoran la organizaci\u00f3n vial, sino que tambi\u00e9n protegen a los ciudadanos frente a riesgos asociados al transporte ilegal.<br><br><\/p><p data-start=\"467\" data-end=\"789\">Las autoridades hicieron un llamado a la ciudadan\u00eda para apoyar estas iniciativas y optar por servicios formales, como parte del compromiso conjunto por una movilidad m\u00e1s segura, eficiente y organizada.&nbsp;<br><br>???? #MovilidadSegura #TransporteLegal<\/p><\/div><\/div><\/div><\/div><\/div><\/div><\/div><\/div><div class=\"vce-row-container\"><div class=\"vce-row vce-row--col-gap-15 vce-row-content--middle\" data-vce-full-width=\"true\" data-vce-stretch-content=\"true\" id=\"el-03231f95\" data-vce-do-apply=\"all el-03231f95\"><div class=\"vce-content-background-container\"><\/div><div class=\"vce-row-content\" data-vce-element-content=\"true\"><div class=\"vce-col vce-col--xs-100p vce-col--xs-visible vce-col--xs-last vce-col--xs-first vce-col--sm-100p vce-col--sm-visible vce-col--sm-last vce-col--sm-first vce-col--md-90p vce-col--md-visible vce-col--md-last vce-col--md-first vce-col--lg-90p vce-col--lg-visible vce-col--lg-last vce-col--lg-first vce-col--xl-90p vce-col--xl-visible vce-col--xl-last vce-col--xl-first\" id=\"el-bc7d74e2\"><div class=\"vce-col-inner\" data-vce-do-apply=\"border margin background  el-bc7d74e2\"><div class=\"vce-col-content\" data-vce-element-content=\"true\" data-vce-do-apply=\"padding el-bc7d74e2\"><div class=\"vce-raw-html\"><div class=\"vce-raw-html-wrapper\" id=\"el-34caf5b6\" data-vce-do-apply=\"all el-34caf5b6\"><!-- Font Awesome -->\n<link rel=\"stylesheet\" href=\"https:\/\/cdnjs.cloudflare.com\/ajax\/libs\/font-awesome\/6.5.0\/css\/all.min.css\">\n\n<div class=\"contenedor-redes\">\n\n  <p class=\"titulo-redes\">S\u00edguenos en nuestras redes sociales<\/p>\n\n  <div class=\"redes-amc\">\n    \n    <a href=\"https:\/\/web.facebook.com\/areametropolitanadecucuta\" target=\"_blank\" class=\"btn-red facebook\" rel=\"noopener\">\n      <i class=\"fa-brands fa-facebook-f\"><\/i>\n      <span>Facebook<\/span>\n    <\/a>\n\n    <a href=\"https:\/\/www.instagram.com\/areametropolitanadecucuta\/\" target=\"_blank\" class=\"btn-red instagram\" rel=\"noopener\">\n      <i class=\"fa-brands fa-instagram\"><\/i>\n      <span>Instagram<\/span>\n    <\/a>\n\n    <a href=\"https:\/\/www.youtube.com\/channel\/UC-GPo-2A-ODTgBcng2701KQ\/videos\" target=\"_blank\" class=\"btn-red youtube\" rel=\"noopener\">\n      <i class=\"fa-brands fa-youtube\"><\/i>\n      <span>YouTube<\/span>\n    <\/a>\n\n  <\/div>\n\n  <a href=\"https:\/\/amc.gov.co\/amc\/noticias\/\" class=\"ver-mas-noticias\">Ver m\u00e1s noticias<\/a>\n\n<\/div>\n\n<style>\n\n\/* T\u00cdTULO *\/\n.titulo-redes {\n  text-align: center;\n  font-size: 16px;\n  font-weight: 600;\n  margin-bottom: 15px;\n  color: #333;\n}\n\n\/* TEXTO ABAJO *\/\n.ver-mas-noticias {\n  display: block;\n  text-align: center;\n  margin-top: 15px;\n  font-size: 14px;\n  color: #36c;\n  text-decoration: none;\n  font-weight: 500;\n  transition: all 0.3s ease;\n}\n\n.ver-mas-noticias:hover {\n  text-decoration: underline;\n  opacity: 0.8;\n}\n\n\/*  RECUADRO CONTENEDOR *\/\n.contenedor-redes {\n background: linear-gradient(180deg, #ffffff, #f9f9f9);\n  border-radius: 16px;\n  padding: 20px;\n  margin: 20px auto;\n  max-width: 500px;\n  box-shadow: 0 6px 20px rgba(0,0,0,0.1);\n  border: 1px solid #eee;\n}\n\n\/* CONTENEDOR CENTRADO *\/\n.redes-amc {\n  display: flex;\n  justify-content: center; \/* ???? centra horizontal *\/\n  align-items: center;\n  gap: 12px;\n  flex-wrap: wrap;\n  margin-top: 20px;\n}\n\n\/* BOTONES *\/\n.btn-red {\n  display: flex;\n  align-items: center;\n  gap: 8px;\n  padding: 10px 16px;\n  border-radius: 30px;\n  color: #fff;\n  font-weight: 600;\n  text-decoration: none;\n  font-size: 14px;\n  transition: all 0.3s ease;\n  box-shadow: 0 4px 10px rgba(0,0,0,0.15); \/* sombra base *\/\n}\n\n\/* ICONOS *\/\n.btn-red i {\n  font-size: 16px;\n}\n\n\/* COLORES *\/\n.facebook {\n  background: #1877f2;\n}\n\n.instagram {\n  background: linear-gradient(45deg, #f58529, #dd2a7b, #8134af);\n}\n\n.youtube {\n  background: #ff0000;\n}\n\n\/* ???? EFECTO HOVER MEJORADO *\/\n.btn-red:hover {\n  transform: translateY(-3px) scale(1.06);\n  box-shadow: 0 8px 20px rgba(0,0,0,0.25);\n  opacity: 0.95;\n}\n\n\/* EFECTO GLOW SUAVE *\/\n.facebook:hover {\n  box-shadow: 0 8px 20px rgba(24, 119, 242, 0.5);\n}\n\n.instagram:hover {\n  box-shadow: 0 8px 20px rgba(221, 42, 123, 0.5);\n}\n\n.youtube:hover {\n  box-shadow: 0 8px 20px rgba(255, 0, 0, 0.5);\n}\n\n\/* RESPONSIVE *\/\n@media (max-width: 600px) {\n  .redes-amc {\n    justify-content: center;\n  }\n\n  .btn-red {\n    flex: 1;\n    justify-content: center;\n    max-width: 200px;\n  }\n}\n<\/style><\/div><\/div><\/div><\/div><\/div><\/div><\/div><\/div><div class=\"vce-row-container\"><div class=\"vce-row vce-element--has-background vce-row--col-gap-30 vce-row-content--top\" data-vce-full-width=\"true\" data-vce-stretch-content=\"true\" id=\"el-878e84ec\" data-vce-do-apply=\"all el-878e84ec\"><div class=\"vce-content-background-container\"><div class=\"vce-asset-background-simple-container vce-visible-all-only vce-asset-background-simple--style-cover vce-asset-background-simple--position-center-top\"><div class=\"vce-asset-background-simple\"><div class=\"vce-asset-background-simple-item\" style=\"background-image: url('http:\/\/proyecto-364.com\/wp-content\/uploads\/2021\/08\/fondo-contadores.png');\"><\/div><\/div><\/div><\/div><div class=\"vce-row-content\" data-vce-element-content=\"true\"><div class=\"vce-col vce-col--md-auto vce-col--xs-1 vce-col--xs-last vce-col--xs-first vce-col--sm-last vce-col--sm-first vce-col--md-first vce-col--lg-first vce-col--xl-first\" id=\"el-205f9753\"><div class=\"vce-col-inner\" data-vce-do-apply=\"border margin background  el-205f9753\"><div class=\"vce-col-content\" data-vce-element-content=\"true\" data-vce-do-apply=\"padding el-205f9753\"><div class=\"vce-text-block\"><div class=\"vce-text-block-wrapper vce\" id=\"el-e1258d19\" data-vce-do-apply=\"all el-e1258d19\"><ul class=\"section-imprimir\"><br> \t<li class=\"share-print\" role=\"presentation\"><a title=\"Imprimir\" href=\"javascript:window.print(); void 0;\"><span class=\"fa fa-print fa-2x\" aria-hidden=\"true\"><\/span><span class=\"hidden\">Imprimir<\/span><\/a><\/li><br><\/ul><\/div><\/div><\/div><\/div><\/div><div class=\"vce-col vce-col--md-auto vce-col--xs-1 vce-col--xs-last vce-col--xs-first vce-col--sm-last vce-col--sm-first vce-col--md-last vce-col--lg-last vce-col--xl-last\" id=\"el-3a7ee274\"><div class=\"vce-col-inner\" data-vce-do-apply=\"border margin background  el-3a7ee274\"><div class=\"vce-col-content\" data-vce-element-content=\"true\" data-vce-do-apply=\"padding el-3a7ee274\"><div class=\"vce-text-block\"><div class=\"vce-text-block-wrapper vce\" id=\"el-cd57319f\" data-vce-do-apply=\"all el-cd57319f\"><div class=\"section-count\">N\u00famero de visitas a esta p\u00e1gina 0<br>Fecha de publicaci\u00f3n 29 abril, 2026<br>\u00daltima modificaci\u00f3n 29 abril, 2026<\/div><\/div><\/div><\/div><\/div><\/div><\/div><\/div><\/div>\n","protected":false},"excerpt":{"rendered":"<p>Inicio Prensa Noticias \u00c1rea Metropolitana de C\u00facuta refuerza controles para combatir el transporte informal&nbsp;\u00c1rea Metropolitana de C\u00facuta refuerza controles para combatir el transporte informalEl \u00c1rea Metropolitana de C\u00facuta&nbsp;contin\u00faa adelantando operativos en distintos puntos estrat\u00e9gicos de la ciudad, en articulaci\u00f3n con la Secretar\u00eda de Movilidad de C\u00facuta, con el objetivo de combatir el transporte informal y&hellip; <a class=\"more-link\" href=\"https:\/\/amc.gov.co\/amc\/area-metropolitana-de-cucuta-refuerza-controles-para-combatir-el-transporte-informal\/\">Seguir leyendo <span class=\"screen-reader-text\">\u00c1rea Metropolitana de C\u00facuta refuerza controles para combatir el transporte informal<\/span><\/a><\/p>\n","protected":false},"author":14,"featured_media":17520,"comment_status":"closed","ping_status":"closed","sticky":false,"template":"","format":"standard","meta":{"footnotes":"","_joinchat":[]},"categories":[11,20],"tags":[],"_links":{"self":[{"href":"https:\/\/amc.gov.co\/amc\/wp-json\/wp\/v2\/posts\/17519"}],"collection":[{"href":"https:\/\/amc.gov.co\/amc\/wp-json\/wp\/v2\/posts"}],"about":[{"href":"https:\/\/amc.gov.co\/amc\/wp-json\/wp\/v2\/types\/post"}],"author":[{"embeddable":true,"href":"https:\/\/amc.gov.co\/amc\/wp-json\/wp\/v2\/users\/14"}],"replies":[{"embeddable":true,"href":"https:\/\/amc.gov.co\/amc\/wp-json\/wp\/v2\/comments?post=17519"}],"version-history":[{"count":18,"href":"https:\/\/amc.gov.co\/amc\/wp-json\/wp\/v2\/posts\/17519\/revisions"}],"predecessor-version":[{"id":17541,"href":"https:\/\/amc.gov.co\/amc\/wp-json\/wp\/v2\/posts\/17519\/revisions\/17541"}],"wp:featuredmedia":[{"embeddable":true,"href":"https:\/\/amc.gov.co\/amc\/wp-json\/wp\/v2\/media\/17520"}],"wp:attachment":[{"href":"https:\/\/amc.gov.co\/amc\/wp-json\/wp\/v2\/media?parent=17519"}],"wp:term":[{"taxonomy":"category","embeddable":true,"href":"https:\/\/amc.gov.co\/amc\/wp-json\/wp\/v2\/categories?post=17519"},{"taxonomy":"post_tag","embeddable":true,"href":"https:\/\/amc.gov.co\/amc\/wp-json\/wp\/v2\/tags?post=17519"}],"curies":[{"name":"wp","href":"https:\/\/api.w.org\/{rel}","templated":true}]}}