{"id":14187,"date":"2024-06-18T15:15:17","date_gmt":"2024-06-18T20:15:17","guid":{"rendered":"https:\/\/amc.gov.co\/amc\/?p=14187"},"modified":"2025-11-01T14:29:17","modified_gmt":"2025-11-01T19:29:17","slug":"dia-mundial-contra-la-desertificacion-y-la-sequia","status":"publish","type":"post","link":"https:\/\/amc.gov.co\/amc\/dia-mundial-contra-la-desertificacion-y-la-sequia\/","title":{"rendered":"D\u00cdA MUNDIAL CONTRA LA DESERTIFICACI\u00d3N Y LA SEQU\u00cdA"},"content":{"rendered":"<div class=\"vce-row-container\">\n<div id=\"el-d987a71b\" class=\"vce-row vce-row--col-gap-30 vce-row-equal-height vce-row-content--middle\" data-vce-full-width=\"true\" data-vce-stretch-content=\"true\" data-vce-do-apply=\"all el-d987a71b\">\n<div class=\"vce-content-background-container\"><\/div>\n<div class=\"vce-row-content\" data-vce-element-content=\"true\">\n<p><\/p>\n<div id=\"el-31823185\" class=\"vce-col vce-col--md-auto vce-col--xs-1 vce-col--xs-last vce-col--xs-first vce-col--sm-last vce-col--sm-first vce-col--md-last vce-col--lg-last vce-col--xl-last vce-col--md-first vce-col--lg-first vce-col--xl-first\">\n<div class=\"vce-col-inner\" data-vce-do-apply=\"border margin background el-31823185\">\n<div class=\"vce-col-content\" data-vce-element-content=\"true\" data-vce-do-apply=\"padding el-31823185\">\n<p><\/p>\n<div class=\"vce-text-block\">\n<div id=\"el-ad50d47e\" class=\"vce-text-block-wrapper vce\" data-vce-do-apply=\"all el-ad50d47e\">\n<nav aria-label=\"breadcrumb\">\n<ol class=\"breadcrumb gov-co-breadcrumb\">\n<li style=\"list-style-type: none;\">\n<ol class=\"breadcrumb gov-co-breadcrumb\">\n<li class=\"breadcrumb-item\"><a href=\"https:\/\/amc.gov.co\/amc\/\"><i class=\"fas fa-home\"><\/i> Inicio <\/a><\/li>\n<\/ol>\n<\/li>\n<\/ol>\n<p>&nbsp;<\/p>\n<ol class=\"breadcrumb gov-co-breadcrumb\">\n<li style=\"list-style-type: none;\">\n<ol class=\"breadcrumb gov-co-breadcrumb\">\n<li class=\"breadcrumb-item active\" aria-current=\"page\"><a href=\"https:\/\/amc.gov.co\/amc\/?page_id=9241\/\"> Prensa <\/a><\/li>\n<\/ol>\n<\/li>\n<\/ol>\n<p>&nbsp;<\/p>\n<ol class=\"breadcrumb gov-co-breadcrumb\">\n<li style=\"list-style-type: none;\">\n<ol class=\"breadcrumb gov-co-breadcrumb\">\n<li class=\"breadcrumb-item active\" aria-current=\"page\"><a href=\"https:\/\/amc.gov.co\/amc\/noticias\/\">Noticias<\/a><\/li>\n<\/ol>\n<\/li>\n<\/ol>\n<p>&nbsp;<\/p>\n<ol class=\"breadcrumb gov-co-breadcrumb\">\n<li style=\"list-style-type: none;\">\n<ol class=\"breadcrumb gov-co-breadcrumb\">\n<li class=\"breadcrumb-item active\" aria-current=\"page\"><a href=\"https:\/\/amc.gov.co\/amc\/dia-mundial-contra-la-desertificacion-y-la-sequia\/\"> Bolet\u00edn ambiental de Junio &#8211; D\u00eda mundial contra la desertificaci\u00f3n y la sequ\u00eda <\/a><\/li>\n<\/ol>\n<\/li>\n<\/ol>\n<p>&nbsp;<\/p>\n<p>&nbsp;<\/p>\n<\/nav>\n<\/div>\n<\/div>\n<p><\/p>\n<div class=\"vce-text-block\">\n<div id=\"el-b7449bda\" class=\"vce-text-block-wrapper vce\" data-vce-do-apply=\"all el-b7449bda\">\n<p style=\"text-align: center;\"><strong><span style=\"font-family: Montserrat; font-size: 24pt;\">Bolet\u00edn ambiental de Junio: <\/span><\/strong><strong><span style=\"font-size: 24pt; font-family: Montserrat;\">D\u00eda mundial contra la desertificaci\u00f3n y la sequ\u00eda<\/span><\/strong><\/p>\n<p><img loading=\"lazy\" decoding=\"async\" class=\"alignleft wp-image-14188\" src=\"https:\/\/amc.gov.co\/amc\/wp-content\/uploads\/2024\/06\/Dia-mundial-contra-la-desertificacion-y-la-sequia.jpg\" alt=\"D\u00eda mundial contra la desertificaci\u00f3n y la sequ\u00eda\" width=\"350\" height=\"323\" srcset=\"https:\/\/amc.gov.co\/amc\/wp-content\/uploads\/2024\/06\/Dia-mundial-contra-la-desertificacion-y-la-sequia.jpg 900w, https:\/\/amc.gov.co\/amc\/wp-content\/uploads\/2024\/06\/Dia-mundial-contra-la-desertificacion-y-la-sequia-768x709.jpg 768w, https:\/\/amc.gov.co\/amc\/wp-content\/uploads\/2024\/06\/Dia-mundial-contra-la-desertificacion-y-la-sequia-320x295.jpg 320w, https:\/\/amc.gov.co\/amc\/wp-content\/uploads\/2024\/06\/Dia-mundial-contra-la-desertificacion-y-la-sequia-480x443.jpg 480w, https:\/\/amc.gov.co\/amc\/wp-content\/uploads\/2024\/06\/Dia-mundial-contra-la-desertificacion-y-la-sequia-800x739.jpg 800w\" sizes=\"(max-width: 350px) 100vw, 350px\" \/><\/p>\n<p>&nbsp;<\/p>\n<p>La subdirecci\u00f3n de Proyectos y coordinaci\u00f3n institucional, en cumplimiento con el Plan de desarrollo institucional, publica el bolet\u00edn ambiental del mes junio. En esta ocasi\u00f3n, orientado a resaltar la importancia de hacer un pertinente cuidado de los suelos y evitar sequ\u00edas y desertificaciones. Este tema, a veces desconocido, es fundamental para la adecuada preservaci\u00f3n del medio ambiente.<\/p>\n<p>\u00a1Que tengan una agradable lectura, Metropolitanos!<\/p>\n<\/div>\n<\/div>\n<p><\/p>\n<div class=\"vce-shortcode\">\n<div id=\"el-45a21c9b\" class=\"vce-shortcode-wrapper vce\" data-vce-do-apply=\"all el-45a21c9b\"><div class='w3eden'><!-- WPDM Link Template: Widget Template -->\n\n<div class=\"media link-template-widget\">\n    <a title=\"Bolet\u00edn mes de junio - D\u00eda mundial contra la desertificaci\u00f3n y la sequ\u00eda\" target=\"_blank\" class=\"mr-3 img-48\" href=\"https:\/\/amc.gov.co\/amc\/download\/boletin-mes-de-junio-dia-mundial-contra-la-desertificacion-y-la-sequia\/\">\n        <img decoding=\"async\" class=\"wpdm_icon\" alt=\"Icono\"   src=\"https:\/\/amc.gov.co\/amc\/wp-content\/plugins\/download-manager\/assets\/file-type-icons\/pdf.svg\" \/>\n    <\/a>\n    <div class=\"media-body\" style=\"text-align:left!important;\">\n        <a title=\"Bolet\u00edn mes de junio - D\u00eda mundial contra la desertificaci\u00f3n y la sequ\u00eda\" target=\"_blank\" href=\"https:\/\/amc.gov.co\/amc\/download\/boletin-mes-de-junio-dia-mundial-contra-la-desertificacion-y-la-sequia\/\" style=\"display: block;clear: bottom;font-size: 11pt;font-weight: bold;\">Bolet\u00edn mes de junio - D\u00eda mundial contra la desertificaci\u00f3n y la sequ\u00eda<\/a>\n\t\t\n        <div style=\"font-size: 9pt;Color:#00906B!important;\">\n            <i class=\"fas\"><\/i> 6.21 Mb <i class=\"fa ml-3\"><\/i>\n            18 junio, 2024\n\t\t<\/div>\n\t\t<div style=\"font-size: 8pt;\"><strong>Descripcion: <\/strong><p><em>Bolet\u00edn Ambiental - D\u00eda mundial contra la desertificaci\u00f3n y la sequ\u00eda<br \/>\n<\/em><\/p>\n<\/div>\n\t\t\n\t\t\t\t\t\n    <\/div>\n\t<div title=\"Bolet\u00edn mes de junio - D\u00eda mundial contra la desertificaci\u00f3n y la sequ\u00eda\">\n       <a class='wpdm-download-link download-on-click btn btn-primary ' rel='nofollow' href='#' data-downloadurl=\"https:\/\/amc.gov.co\/amc\/download\/boletin-mes-de-junio-dia-mundial-contra-la-desertificacion-y-la-sequia\/?wpdmdl=14193&refresh=69f460375be7f1777623095\">Descargar<\/a>\n    <\/div>\n    \n\n<\/div>\n\n\n<\/div><\/div>\n<\/div>\n<p><\/p>\n<div id=\"el-a199a742\" class=\"vce vce-separator-container vce-separator--align-center vce-separator--style-solid\" data-vce-do-apply=\"margin el-a199a742\">\n<div class=\"vce-separator vce-separator--color-bfc0c1 vce-separator--width-100 vce-separator--thickness-3\" data-vce-do-apply=\"border padding background el-a199a742\"><\/div>\n<\/div>\n<p><\/p>\n<\/div>\n<\/div>\n<\/div>\n<p><\/p>\n<\/div>\n<\/div>\n<\/div>\n<p><\/p>\n<div class=\"vce-row-container\">\n<div id=\"el-0e3776c0\" class=\"vce-row vce-element--has-background vce-row--col-gap-30 vce-row-content--top\" data-vce-full-width=\"true\" data-vce-stretch-content=\"true\" data-vce-do-apply=\"all el-0e3776c0\">\n<div class=\"vce-content-background-container\">\n<div class=\"vce-asset-background-simple-container vce-visible-all-only vce-asset-background-simple--style-cover vce-asset-background-simple--position-center-top\">\n<div class=\"vce-asset-background-simple\">\n<div class=\"vce-asset-background-simple-item vcv-lozad\" data-background-image=\"https:\/\/www.aunap.gov.co\/wp-content\/uploads\/2021\/08\/fondo-contadores.png\"><\/div>\n<p><noscript><\/p>\n<div class=\"vce-asset-background-simple-item\" style=\"background-image: url(https:\/\/www.aunap.gov.co\/wp-content\/uploads\/2021\/08\/fondo-contadores.png)\"><\/div>\n<p><\/noscript><\/p>\n<\/div>\n<\/div>\n<\/div>\n<div class=\"vce-row-content\" data-vce-element-content=\"true\">\n<p><\/p>\n<div id=\"el-cd49dd9d\" class=\"vce-col vce-col--md-auto vce-col--xs-1 vce-col--xs-last vce-col--xs-first vce-col--sm-last vce-col--sm-first vce-col--md-first vce-col--lg-first vce-col--xl-first\">\n<div class=\"vce-col-inner\" data-vce-do-apply=\"border margin background el-cd49dd9d\">\n<div class=\"vce-col-content\" data-vce-element-content=\"true\" data-vce-do-apply=\"padding el-cd49dd9d\">\n<p><\/p>\n<div class=\"vce-text-block\">\n<div id=\"el-6fc305ae\" class=\"vce-text-block-wrapper vce\" data-vce-do-apply=\"all el-6fc305ae\">\n<ul class=\"section-imprimir\">\n<li style=\"list-style-type: none;\">\n<ul class=\"section-imprimir\">\n<li class=\"share-print\" role=\"presentation\"><a title=\"Imprimir\"><span class=\"hidden\">Imprimir<\/span><\/a><\/li>\n<\/ul>\n<\/li>\n<\/ul>\n<p>&nbsp;<\/p>\n<\/div>\n<\/div>\n<p><\/p>\n<\/div>\n<\/div>\n<\/div>\n<p><\/p>\n<div id=\"el-95788861\" class=\"vce-col vce-col--md-auto vce-col--xs-1 vce-col--xs-last vce-col--xs-first vce-col--sm-last vce-col--sm-first vce-col--md-last vce-col--lg-last vce-col--xl-last\">\n<div class=\"vce-col-inner\" data-vce-do-apply=\"border margin background el-95788861\">\n<div class=\"vce-col-content\" data-vce-element-content=\"true\" data-vce-do-apply=\"padding el-95788861\">\n<p><\/p>\n<div class=\"vce-text-block\">\n<div id=\"el-9d810552\" class=\"vce-text-block-wrapper vce\" data-vce-do-apply=\"all el-9d810552\">\n<div class=\"section-count\">N\u00famero de visitas a esta p\u00e1gina 0<br \/>\nFecha de publicaci\u00f3n 18 junio, 2024<br \/>\n\u00daltima modificaci\u00f3n 1 noviembre, 2025<\/div>\n<\/div>\n<\/div>\n<p><\/p>\n<\/div>\n<\/div>\n<\/div>\n<p><\/p>\n<\/div>\n<\/div>\n<\/div>\n<p><!--vcv no format--><\/p>\n","protected":false},"excerpt":{"rendered":"<p>Inicio &nbsp; Prensa &nbsp; Noticias &nbsp; Bolet\u00edn ambiental de Junio &#8211; D\u00eda mundial contra la desertificaci\u00f3n y la sequ\u00eda &nbsp; &nbsp; Bolet\u00edn ambiental de Junio: D\u00eda mundial contra la desertificaci\u00f3n y la sequ\u00eda &nbsp; La subdirecci\u00f3n de Proyectos y coordinaci\u00f3n institucional, en cumplimiento con el Plan de desarrollo institucional, publica el bolet\u00edn ambiental del mes&hellip; <a class=\"more-link\" href=\"https:\/\/amc.gov.co\/amc\/dia-mundial-contra-la-desertificacion-y-la-sequia\/\">Seguir leyendo <span class=\"screen-reader-text\">D\u00cdA MUNDIAL CONTRA LA DESERTIFICACI\u00d3N Y LA SEQU\u00cdA<\/span><\/a><\/p>\n","protected":false},"author":3,"featured_media":14188,"comment_status":"closed","ping_status":"closed","sticky":false,"template":"","format":"image","meta":{"footnotes":"","_joinchat":[]},"categories":[10],"tags":[],"_links":{"self":[{"href":"https:\/\/amc.gov.co\/amc\/wp-json\/wp\/v2\/posts\/14187"}],"collection":[{"href":"https:\/\/amc.gov.co\/amc\/wp-json\/wp\/v2\/posts"}],"about":[{"href":"https:\/\/amc.gov.co\/amc\/wp-json\/wp\/v2\/types\/post"}],"author":[{"embeddable":true,"href":"https:\/\/amc.gov.co\/amc\/wp-json\/wp\/v2\/users\/3"}],"replies":[{"embeddable":true,"href":"https:\/\/amc.gov.co\/amc\/wp-json\/wp\/v2\/comments?post=14187"}],"version-history":[{"count":9,"href":"https:\/\/amc.gov.co\/amc\/wp-json\/wp\/v2\/posts\/14187\/revisions"}],"predecessor-version":[{"id":16531,"href":"https:\/\/amc.gov.co\/amc\/wp-json\/wp\/v2\/posts\/14187\/revisions\/16531"}],"wp:featuredmedia":[{"embeddable":true,"href":"https:\/\/amc.gov.co\/amc\/wp-json\/wp\/v2\/media\/14188"}],"wp:attachment":[{"href":"https:\/\/amc.gov.co\/amc\/wp-json\/wp\/v2\/media?parent=14187"}],"wp:term":[{"taxonomy":"category","embeddable":true,"href":"https:\/\/amc.gov.co\/amc\/wp-json\/wp\/v2\/categories?post=14187"},{"taxonomy":"post_tag","embeddable":true,"href":"https:\/\/amc.gov.co\/amc\/wp-json\/wp\/v2\/tags?post=14187"}],"curies":[{"name":"wp","href":"https:\/\/api.w.org\/{rel}","templated":true}]}}