{"id":14145,"date":"2024-06-14T00:01:12","date_gmt":"2024-06-14T05:01:12","guid":{"rendered":"https:\/\/amc.gov.co\/amc\/?p=14145"},"modified":"2025-11-01T14:24:01","modified_gmt":"2025-11-01T19:24:01","slug":"mesa-de-trabajo-area-metropolitana-con-agencia-de-cooperacion-tecnica-alemana","status":"publish","type":"post","link":"https:\/\/amc.gov.co\/amc\/mesa-de-trabajo-area-metropolitana-con-agencia-de-cooperacion-tecnica-alemana\/","title":{"rendered":"Mesa de Trabajo \u00c1rea Metropolitana y Agencia de Cooperaci\u00f3n T\u00e9cnica Alemana"},"content":{"rendered":"<div class=\"vce-row-container\"><div class=\"vce-row vce-row--col-gap-30 vce-row-equal-height vce-row-content--middle\" data-vce-full-width=\"true\" data-vce-stretch-content=\"true\" id=\"el-d987a71b\" data-vce-do-apply=\"all el-d987a71b\"><div class=\"vce-content-background-container\"><\/div><div class=\"vce-row-content\" data-vce-element-content=\"true\"><div class=\"vce-col vce-col--md-auto vce-col--xs-1 vce-col--xs-last vce-col--xs-first vce-col--sm-last vce-col--sm-first vce-col--md-last vce-col--lg-last vce-col--xl-last vce-col--md-first vce-col--lg-first vce-col--xl-first\" id=\"el-31823185\"><div class=\"vce-col-inner\" data-vce-do-apply=\"border margin background  el-31823185\"><div class=\"vce-col-content\" data-vce-element-content=\"true\" data-vce-do-apply=\"padding el-31823185\"><div class=\"vce-text-block\"><div class=\"vce-text-block-wrapper vce\" id=\"el-ad50d47e\" data-vce-do-apply=\"all el-ad50d47e\"><nav aria-label=\"breadcrumb\"><br><ol class=\"breadcrumb gov-co-breadcrumb\"><br> \t<li class=\"breadcrumb-item\"><a href=\"https:\/\/amc.gov.co\/amc\/\"><i class=\"fas fa-home\"><\/i> Inicio <\/a><\/li><br> \t<li class=\"breadcrumb-item active\" aria-current=\"page\"><a href=\"https:\/\/amc.gov.co\/amc\/?page_id=9241\/\"> Prensa <\/a><\/li><br> \t<li class=\"breadcrumb-item active\" aria-current=\"page\"><a href=\"https:\/\/amc.gov.co\/amc\/noticias\/\">Noticias<\/a><\/li><br> \t<li class=\"breadcrumb-item active\" aria-current=\"page\"><a href=\"https:\/\/amc.gov.co\/amc\/mesa-de-trabajo-area-metropolitana-con-agencia-de-cooperacion-tecnica-alemana\/\"> Mesa de Trabajo \u00c1rea Metropolitana y Agencia GIZ <\/a><\/li><br><\/ol><br><\/nav><\/div><\/div><div class=\"vce-text-block\"><div class=\"vce-text-block-wrapper vce\" id=\"el-b7449bda\" data-vce-do-apply=\"all el-b7449bda\"><p style=\"text-align: center;\"><strong><span style=\"font-family: Montserrat; font-size: 24pt;\">Director del AMC se reuni\u00f3 con representantes de la Agencia de Cooperaci\u00f3n T\u00e9cnica Alemana (GIZ), de la USAID y de la ONG \u201cTerre des hommes\"<\/span><\/strong><\/p><p style=\"text-align: center;\"><strong><span style=\"font-family: Montserrat; font-size: 24pt;\">&nbsp;<\/span><\/strong><\/p><p><img loading=\"lazy\" decoding=\"async\" class=\"alignleft wp-image-14149\" src=\"https:\/\/amc.gov.co\/amc\/wp-content\/uploads\/2024\/06\/Area-Metropolitana-y-ONG-especializada-en-la-cooperacion-tecnica-para-el-desarrollo-sostenible.jpg\" alt=\"Area Metropolitana y ONG especializada en la cooperaci\u00f3n t\u00e9cnica para el desarrollo sostenible\" width=\"450\" height=\"361\" srcset=\"https:\/\/amc.gov.co\/amc\/wp-content\/uploads\/2024\/06\/Area-Metropolitana-y-ONG-especializada-en-la-cooperacion-tecnica-para-el-desarrollo-sostenible.jpg 1200w, https:\/\/amc.gov.co\/amc\/wp-content\/uploads\/2024\/06\/Area-Metropolitana-y-ONG-especializada-en-la-cooperacion-tecnica-para-el-desarrollo-sostenible-768x616.jpg 768w, https:\/\/amc.gov.co\/amc\/wp-content\/uploads\/2024\/06\/Area-Metropolitana-y-ONG-especializada-en-la-cooperacion-tecnica-para-el-desarrollo-sostenible-320x257.jpg 320w, https:\/\/amc.gov.co\/amc\/wp-content\/uploads\/2024\/06\/Area-Metropolitana-y-ONG-especializada-en-la-cooperacion-tecnica-para-el-desarrollo-sostenible-480x385.jpg 480w, https:\/\/amc.gov.co\/amc\/wp-content\/uploads\/2024\/06\/Area-Metropolitana-y-ONG-especializada-en-la-cooperacion-tecnica-para-el-desarrollo-sostenible-800x642.jpg 800w\" sizes=\"(max-width: 450px) 100vw, 450px\" \/><\/p><p>El Director del AMC, Juan Carlos Soto Cote, dirigi\u00f3 una mesa de trabajo con Liliana Su\u00e1rez, coordinadora territorial de Sin Frontera de la Agencia de Cooperaci\u00f3n T\u00e9cnica Alemana (GIZ) por sus siglas en alem\u00e1n, ONG que se especializa en la cooperaci\u00f3n t\u00e9cnica para el desarrollo sostenible. Asistieron, tambi\u00e9n, Carolina Bernal, especialista de inclusi\u00f3n econ\u00f3mica, del programa Oportunidades Sin Fronteras de USAID, Silvia Pe\u00f1aranda y Yanira Pe\u00f1aranda, representantes de la ONG<u>,<\/u> \u201cTerre des hommes\u201d.<\/p><p>La reuni\u00f3n, estuvo orientada a explicar las funciones y las \u00e1reas de incidencia del Plan Metropolitano de C\u00facuta, orientado a la funci\u00f3n articuladora del AMC, en pro de los municipios metropolitanos. Esta reuni\u00f3n avanz\u00f3 en la consolidaci\u00f3n de un acuerdo de voluntades que permita contar con el apoyo de los cooperantes en el desarrollo de los proyectos, dirigidos al bienestar de los habitantes del \u00e1rea metropolitana de C\u00facuta.<\/p><p>&nbsp;<\/p><\/div><\/div><div class=\"vce vce-separator-container vce-separator--align-center vce-separator--style-solid\" id=\"el-a199a742\" data-vce-do-apply=\"margin el-a199a742\"><div class=\"vce-separator vce-separator--color-bfc0c1 vce-separator--width-100 vce-separator--thickness-3\" data-vce-do-apply=\"border padding background  el-a199a742\"><\/div><\/div><div class=\"vce-image-gallery vce-image-gallery--gap-10 vce-image-gallery--columns-3\"><div class=\"vce-image-gallery-wrapper vce\" id=\"el-099082af\" data-vce-do-apply=\"all el-099082af\"><div class=\"vce-image-gallery-list\"><div class=\"vce-image-gallery-item\"><figure class=\"vce-image-gallery-item-inner-wrapper\"><a href=\"https:\/\/amc.gov.co\/amc\/wp-content\/uploads\/2024\/06\/Reunion-AMC-con-Agencia-de-Cooperacion-Tecnica-Alemana.jpg\" data-lightbox=\"lightbox-099082af\" class=\"vce-image-gallery-item-inner\"><img decoding=\"async\" class=\"vce-image-gallery-img vce-image-gallery-img--orientation-portrait\" src=\"https:\/\/amc.gov.co\/amc\/wp-content\/uploads\/2024\/06\/Reunion-AMC-con-Agencia-de-Cooperacion-Tecnica-Alemana.jpg\" alt=\"Reuni\u00f3n AMC con Agencia de Cooperaci\u00f3n T\u00e9cnica Alemana\" title=\"Reuni\u00f3n AMC con Agencia de Cooperaci\u00f3n T\u00e9cnica Alemana\"><\/a><\/figure><\/div><div class=\"vce-image-gallery-item\"><figure class=\"vce-image-gallery-item-inner-wrapper\"><a href=\"https:\/\/amc.gov.co\/amc\/wp-content\/uploads\/2024\/06\/ONG-especializada-en-la-cooperacion-tecnica-para-el-desarrollo-sostenible.jpg\" data-lightbox=\"lightbox-099082af\" class=\"vce-image-gallery-item-inner\"><img decoding=\"async\" class=\"vce-image-gallery-img vce-image-gallery-img--orientation-portrait\" src=\"https:\/\/amc.gov.co\/amc\/wp-content\/uploads\/2024\/06\/ONG-especializada-en-la-cooperacion-tecnica-para-el-desarrollo-sostenible.jpg\" alt=\"ONG especializada en la cooperaci\u00f3n t\u00e9cnica para el desarrollo sostenible\" title=\"ONG especializada en la cooperaci\u00f3n t\u00e9cnica para el desarrollo sostenible\"><\/a><\/figure><\/div><div class=\"vce-image-gallery-item\"><figure class=\"vce-image-gallery-item-inner-wrapper\"><a href=\"https:\/\/amc.gov.co\/amc\/wp-content\/uploads\/2024\/06\/Mesa-de-trabajo-con-Agencia-de-Cooperacion-Tecnica.jpg\" data-lightbox=\"lightbox-099082af\" class=\"vce-image-gallery-item-inner\"><img decoding=\"async\" class=\"vce-image-gallery-img vce-image-gallery-img--orientation-portrait\" src=\"https:\/\/amc.gov.co\/amc\/wp-content\/uploads\/2024\/06\/Mesa-de-trabajo-con-Agencia-de-Cooperacion-Tecnica.jpg\" alt=\"Mesa de trabajo con Agencia de Cooperaci\u00f3n T\u00e9cnica\" title=\"Mesa de trabajo con Agencia de Cooperaci\u00f3n T\u00e9cnica\"><\/a><\/figure><\/div><\/div><\/div><\/div><div class=\"vce-image-gallery vce-image-gallery--gap-10 vce-image-gallery--columns-3\"><div class=\"vce-image-gallery-wrapper vce\" id=\"el-8f634661\" data-vce-do-apply=\"all el-8f634661\"><div class=\"vce-image-gallery-list\"><\/div><\/div><\/div><\/div><\/div><\/div><\/div><\/div><\/div><div class=\"vce-row-container\"><div class=\"vce-row vce-element--has-background vce-row--col-gap-30 vce-row-content--top\" data-vce-full-width=\"true\" data-vce-stretch-content=\"true\" id=\"el-0e3776c0\" data-vce-do-apply=\"all el-0e3776c0\"><div class=\"vce-content-background-container\"><div class=\"vce-asset-background-simple-container vce-visible-all-only vce-asset-background-simple--style-cover vce-asset-background-simple--position-center-top\"><div class=\"vce-asset-background-simple\">\r\n              <div class=\"vce-asset-background-simple-item vcv-lozad\" data-background-image=\"https:\/\/www.aunap.gov.co\/wp-content\/uploads\/2021\/08\/fondo-contadores.png\"><\/div>\r\n              <noscript>\r\n                <div class=\"vce-asset-background-simple-item\" style=\"background-image: url(https:\/\/www.aunap.gov.co\/wp-content\/uploads\/2021\/08\/fondo-contadores.png)\"><\/div>\r\n              <\/noscript>\r\n            <\/div><\/div><\/div><div class=\"vce-row-content\" data-vce-element-content=\"true\"><div class=\"vce-col vce-col--md-auto vce-col--xs-1 vce-col--xs-last vce-col--xs-first vce-col--sm-last vce-col--sm-first vce-col--md-first vce-col--lg-first vce-col--xl-first\" id=\"el-cd49dd9d\"><div class=\"vce-col-inner\" data-vce-do-apply=\"border margin background  el-cd49dd9d\"><div class=\"vce-col-content\" data-vce-element-content=\"true\" data-vce-do-apply=\"padding el-cd49dd9d\"><div class=\"vce-text-block\"><div class=\"vce-text-block-wrapper vce\" id=\"el-6fc305ae\" data-vce-do-apply=\"all el-6fc305ae\"><ul class=\"section-imprimir\"><br> \t<li class=\"share-print\" role=\"presentation\"><a title=\"Imprimir\" href=\"javascript:window.print(); void 0;\"><span class=\"fa fa-print fa-2x\" aria-hidden=\"true\"><\/span><span class=\"hidden\">Imprimir<\/span><\/a><\/li><br><\/ul><\/div><\/div><\/div><\/div><\/div><div class=\"vce-col vce-col--md-auto vce-col--xs-1 vce-col--xs-last vce-col--xs-first vce-col--sm-last vce-col--sm-first vce-col--md-last vce-col--lg-last vce-col--xl-last\" id=\"el-95788861\"><div class=\"vce-col-inner\" data-vce-do-apply=\"border margin background  el-95788861\"><div class=\"vce-col-content\" data-vce-element-content=\"true\" data-vce-do-apply=\"padding el-95788861\"><div class=\"vce-text-block\"><div class=\"vce-text-block-wrapper vce\" id=\"el-9d810552\" data-vce-do-apply=\"all el-9d810552\"><div class=\"section-count\">N\u00famero de visitas a esta p\u00e1gina 0<br>Fecha de publicaci\u00f3n 14 junio, 2024<br>\u00daltima modificaci\u00f3n 1 noviembre, 2025<\/div><\/div><\/div><\/div><\/div><\/div><\/div><\/div><\/div>\n","protected":false},"excerpt":{"rendered":"<p>Inicio Prensa Noticias Mesa de Trabajo \u00c1rea Metropolitana y Agencia GIZ Director del AMC se reuni\u00f3 con representantes de la Agencia de Cooperaci\u00f3n T\u00e9cnica Alemana (GIZ), de la USAID y de la ONG \u201cTerre des hommes&#8221;&nbsp;El Director del AMC, Juan Carlos Soto Cote, dirigi\u00f3 una mesa de trabajo con Liliana Su\u00e1rez, coordinadora territorial de Sin&hellip; <a class=\"more-link\" href=\"https:\/\/amc.gov.co\/amc\/mesa-de-trabajo-area-metropolitana-con-agencia-de-cooperacion-tecnica-alemana\/\">Seguir leyendo <span class=\"screen-reader-text\">Mesa de Trabajo \u00c1rea Metropolitana y Agencia de Cooperaci\u00f3n T\u00e9cnica Alemana<\/span><\/a><\/p>\n","protected":false},"author":3,"featured_media":14149,"comment_status":"closed","ping_status":"closed","sticky":false,"template":"","format":"image","meta":{"footnotes":"","_joinchat":[]},"categories":[11,20],"tags":[],"_links":{"self":[{"href":"https:\/\/amc.gov.co\/amc\/wp-json\/wp\/v2\/posts\/14145"}],"collection":[{"href":"https:\/\/amc.gov.co\/amc\/wp-json\/wp\/v2\/posts"}],"about":[{"href":"https:\/\/amc.gov.co\/amc\/wp-json\/wp\/v2\/types\/post"}],"author":[{"embeddable":true,"href":"https:\/\/amc.gov.co\/amc\/wp-json\/wp\/v2\/users\/3"}],"replies":[{"embeddable":true,"href":"https:\/\/amc.gov.co\/amc\/wp-json\/wp\/v2\/comments?post=14145"}],"version-history":[{"count":20,"href":"https:\/\/amc.gov.co\/amc\/wp-json\/wp\/v2\/posts\/14145\/revisions"}],"predecessor-version":[{"id":16524,"href":"https:\/\/amc.gov.co\/amc\/wp-json\/wp\/v2\/posts\/14145\/revisions\/16524"}],"wp:featuredmedia":[{"embeddable":true,"href":"https:\/\/amc.gov.co\/amc\/wp-json\/wp\/v2\/media\/14149"}],"wp:attachment":[{"href":"https:\/\/amc.gov.co\/amc\/wp-json\/wp\/v2\/media?parent=14145"}],"wp:term":[{"taxonomy":"category","embeddable":true,"href":"https:\/\/amc.gov.co\/amc\/wp-json\/wp\/v2\/categories?post=14145"},{"taxonomy":"post_tag","embeddable":true,"href":"https:\/\/amc.gov.co\/amc\/wp-json\/wp\/v2\/tags?post=14145"}],"curies":[{"name":"wp","href":"https:\/\/api.w.org\/{rel}","templated":true}]}}