{"id":14139,"date":"2024-06-13T11:09:23","date_gmt":"2024-06-13T16:09:23","guid":{"rendered":"https:\/\/amc.gov.co\/amc\/?p=14139"},"modified":"2025-11-01T14:24:09","modified_gmt":"2025-11-01T19:24:09","slug":"director-del-amc-entrega-balance-ante-la-contraloria-general-de-la-republica","status":"publish","type":"post","link":"https:\/\/amc.gov.co\/amc\/director-del-amc-entrega-balance-ante-la-contraloria-general-de-la-republica\/","title":{"rendered":"Director del AMC entrega balance, ante la Contralor\u00eda General de la Rep\u00fablica"},"content":{"rendered":"<div class=\"vce-row-container\"><div class=\"vce-row vce-row--col-gap-30 vce-row-equal-height vce-row-content--middle\" data-vce-full-width=\"true\" data-vce-stretch-content=\"true\" id=\"el-d987a71b\" data-vce-do-apply=\"all el-d987a71b\"><div class=\"vce-content-background-container\"><\/div><div class=\"vce-row-content\" data-vce-element-content=\"true\"><div class=\"vce-col vce-col--md-auto vce-col--xs-1 vce-col--xs-last vce-col--xs-first vce-col--sm-last vce-col--sm-first vce-col--md-last vce-col--lg-last vce-col--xl-last vce-col--md-first vce-col--lg-first vce-col--xl-first\" id=\"el-31823185\"><div class=\"vce-col-inner\" data-vce-do-apply=\"border margin background  el-31823185\"><div class=\"vce-col-content\" data-vce-element-content=\"true\" data-vce-do-apply=\"padding el-31823185\"><div class=\"vce-text-block\"><div class=\"vce-text-block-wrapper vce\" id=\"el-ad50d47e\" data-vce-do-apply=\"all el-ad50d47e\"><nav aria-label=\"breadcrumb\"><br><ol class=\"breadcrumb gov-co-breadcrumb\"><br> \t<li class=\"breadcrumb-item\"><a href=\"https:\/\/amc.gov.co\/amc\/\"><i class=\"fas fa-home\"><\/i> Inicio <\/a><\/li><br> \t<li class=\"breadcrumb-item active\" aria-current=\"page\"><a href=\"https:\/\/amc.gov.co\/amc\/?page_id=9241\/\"> Prensa <\/a><\/li><br> \t<li class=\"breadcrumb-item active\" aria-current=\"page\"><a href=\"https:\/\/amc.gov.co\/amc\/noticias\/\">Noticias<\/a><\/li><br> \t<li class=\"breadcrumb-item active\" aria-current=\"page\"><a href=\"https:\/\/amc.gov.co\/amc\/director-del-amc-entrega-balance-ante-la-contraloria-general-de-la-republica\/\"> Balance de proyectos de infraestructura <\/a><\/li><br><\/ol><br><\/nav><\/div><\/div><div class=\"vce-text-block\"><div class=\"vce-text-block-wrapper vce\" id=\"el-b7449bda\" data-vce-do-apply=\"all el-b7449bda\"><p style=\"text-align: center;\"><strong><span style=\"font-family: Montserrat; font-size: 24pt;\">Director del AMC entrega balance, ante la Contralor\u00eda General de la Rep\u00fablica, sobre el avance de los proyectos de infraestructura a cargo del AMC<\/span><\/strong><\/p><p style=\"text-align: center;\"><strong><span style=\"font-family: Montserrat; font-size: 24pt;\">&nbsp;<\/span><\/strong><\/p><p><img loading=\"lazy\" decoding=\"async\" class=\"aligncenter wp-image-14142 size-full\" src=\"https:\/\/amc.gov.co\/amc\/wp-content\/uploads\/2024\/06\/Director-del-AMC-entrega-balance-aContraloria-General-de-la-Republica.jpg\" alt=\"Director del AMC entrega balance aContralor\u00eda General de la Rep\u00fablica\" width=\"1280\" height=\"789\" srcset=\"https:\/\/amc.gov.co\/amc\/wp-content\/uploads\/2024\/06\/Director-del-AMC-entrega-balance-aContraloria-General-de-la-Republica.jpg 1280w, https:\/\/amc.gov.co\/amc\/wp-content\/uploads\/2024\/06\/Director-del-AMC-entrega-balance-aContraloria-General-de-la-Republica-768x473.jpg 768w, https:\/\/amc.gov.co\/amc\/wp-content\/uploads\/2024\/06\/Director-del-AMC-entrega-balance-aContraloria-General-de-la-Republica-320x197.jpg 320w, https:\/\/amc.gov.co\/amc\/wp-content\/uploads\/2024\/06\/Director-del-AMC-entrega-balance-aContraloria-General-de-la-Republica-480x296.jpg 480w, https:\/\/amc.gov.co\/amc\/wp-content\/uploads\/2024\/06\/Director-del-AMC-entrega-balance-aContraloria-General-de-la-Republica-800x493.jpg 800w\" sizes=\"(max-width: 1280px) 100vw, 1280px\" \/><\/p><p>El Alcalde de C\u00facuta Jorge Acevedo Pe\u00f1aloza y El Director del AMC, Juan Carlos Soto Cote, asistieron al evento \u201cParticipaci\u00f3n ciudadana del proyecto&nbsp; Corazones de Barrio\u201d adelantado por la Contralor\u00eda General de la Rep\u00fablica. Fue una oportunidad para exponer ante el ente de control y algunos veedores ciudadanos los avances de los proyectos: Coraz\u00f3n de Barrio La Libertad, Coraz\u00f3n de Barrio Los Estoraques, Coraz\u00f3n de Barrio Scalabrini, Coraz\u00f3n de Barrio Banco de Arena y la adecuaci\u00f3n del colegio Nuestra Se\u00f1ora de Bel\u00e9n.<\/p><p>Algunos Secretarios de Despacho de la Alcald\u00eda de C\u00facuta, Mar\u00eda Alejandra Valero, subdirectora de planeaci\u00f3n, ordenamiento territorial e infraestructura y Camilo Andr\u00e9s G\u00f3mez, subdirector de proyectos y coordinaci\u00f3n interinstitucional asistieron, tambi\u00e9n, a la reuni\u00f3n convocada por el ente de control.<\/p><p>&nbsp;<\/p><\/div><\/div><div class=\"vce vce-separator-container vce-separator--align-center vce-separator--style-solid\" id=\"el-a199a742\" data-vce-do-apply=\"margin el-a199a742\"><div class=\"vce-separator vce-separator--color-bfc0c1 vce-separator--width-100 vce-separator--thickness-3\" data-vce-do-apply=\"border padding background  el-a199a742\"><\/div><\/div><div class=\"vce-image-gallery vce-image-gallery--gap-10 vce-image-gallery--columns-3\"><div class=\"vce-image-gallery-wrapper vce\" id=\"el-8f634661\" data-vce-do-apply=\"all el-8f634661\"><div class=\"vce-image-gallery-list\"><\/div><\/div><\/div><\/div><\/div><\/div><\/div><\/div><\/div><div class=\"vce-row-container\"><div class=\"vce-row vce-element--has-background vce-row--col-gap-30 vce-row-content--top\" data-vce-full-width=\"true\" data-vce-stretch-content=\"true\" id=\"el-0e3776c0\" data-vce-do-apply=\"all el-0e3776c0\"><div class=\"vce-content-background-container\"><div class=\"vce-asset-background-simple-container vce-visible-all-only vce-asset-background-simple--style-cover vce-asset-background-simple--position-center-top\"><div class=\"vce-asset-background-simple\">\r\n              <div class=\"vce-asset-background-simple-item vcv-lozad\" data-background-image=\"https:\/\/www.aunap.gov.co\/wp-content\/uploads\/2021\/08\/fondo-contadores.png\"><\/div>\r\n              <noscript>\r\n                <div class=\"vce-asset-background-simple-item\" style=\"background-image: url(https:\/\/www.aunap.gov.co\/wp-content\/uploads\/2021\/08\/fondo-contadores.png)\"><\/div>\r\n              <\/noscript>\r\n            <\/div><\/div><\/div><div class=\"vce-row-content\" data-vce-element-content=\"true\"><div class=\"vce-col vce-col--md-auto vce-col--xs-1 vce-col--xs-last vce-col--xs-first vce-col--sm-last vce-col--sm-first vce-col--md-first vce-col--lg-first vce-col--xl-first\" id=\"el-cd49dd9d\"><div class=\"vce-col-inner\" data-vce-do-apply=\"border margin background  el-cd49dd9d\"><div class=\"vce-col-content\" data-vce-element-content=\"true\" data-vce-do-apply=\"padding el-cd49dd9d\"><div class=\"vce-text-block\"><div class=\"vce-text-block-wrapper vce\" id=\"el-6fc305ae\" data-vce-do-apply=\"all el-6fc305ae\"><ul class=\"section-imprimir\"><br> \t<li class=\"share-print\" role=\"presentation\"><a title=\"Imprimir\" href=\"javascript:window.print(); void 0;\"><span class=\"fa fa-print fa-2x\" aria-hidden=\"true\"><\/span><span class=\"hidden\">Imprimir<\/span><\/a><\/li><br><\/ul><\/div><\/div><\/div><\/div><\/div><div class=\"vce-col vce-col--md-auto vce-col--xs-1 vce-col--xs-last vce-col--xs-first vce-col--sm-last vce-col--sm-first vce-col--md-last vce-col--lg-last vce-col--xl-last\" id=\"el-95788861\"><div class=\"vce-col-inner\" data-vce-do-apply=\"border margin background  el-95788861\"><div class=\"vce-col-content\" data-vce-element-content=\"true\" data-vce-do-apply=\"padding el-95788861\"><div class=\"vce-text-block\"><div class=\"vce-text-block-wrapper vce\" id=\"el-9d810552\" data-vce-do-apply=\"all el-9d810552\"><div class=\"section-count\">N\u00famero de visitas a esta p\u00e1gina 0<br>Fecha de publicaci\u00f3n 13 junio, 2024<br>\u00daltima modificaci\u00f3n 1 noviembre, 2025<\/div><\/div><\/div><\/div><\/div><\/div><\/div><\/div><\/div>\n","protected":false},"excerpt":{"rendered":"<p>Inicio Prensa Noticias Balance de proyectos de infraestructura Director del AMC entrega balance, ante la Contralor\u00eda General de la Rep\u00fablica, sobre el avance de los proyectos de infraestructura a cargo del AMC&nbsp;El Alcalde de C\u00facuta Jorge Acevedo Pe\u00f1aloza y El Director del AMC, Juan Carlos Soto Cote, asistieron al evento \u201cParticipaci\u00f3n ciudadana del proyecto&nbsp; Corazones&hellip; <a class=\"more-link\" href=\"https:\/\/amc.gov.co\/amc\/director-del-amc-entrega-balance-ante-la-contraloria-general-de-la-republica\/\">Seguir leyendo <span class=\"screen-reader-text\">Director del AMC entrega balance, ante la Contralor\u00eda General de la Rep\u00fablica<\/span><\/a><\/p>\n","protected":false},"author":3,"featured_media":14140,"comment_status":"closed","ping_status":"closed","sticky":false,"template":"","format":"image","meta":{"footnotes":"","_joinchat":[]},"categories":[11,20],"tags":[],"_links":{"self":[{"href":"https:\/\/amc.gov.co\/amc\/wp-json\/wp\/v2\/posts\/14139"}],"collection":[{"href":"https:\/\/amc.gov.co\/amc\/wp-json\/wp\/v2\/posts"}],"about":[{"href":"https:\/\/amc.gov.co\/amc\/wp-json\/wp\/v2\/types\/post"}],"author":[{"embeddable":true,"href":"https:\/\/amc.gov.co\/amc\/wp-json\/wp\/v2\/users\/3"}],"replies":[{"embeddable":true,"href":"https:\/\/amc.gov.co\/amc\/wp-json\/wp\/v2\/comments?post=14139"}],"version-history":[{"count":4,"href":"https:\/\/amc.gov.co\/amc\/wp-json\/wp\/v2\/posts\/14139\/revisions"}],"predecessor-version":[{"id":16525,"href":"https:\/\/amc.gov.co\/amc\/wp-json\/wp\/v2\/posts\/14139\/revisions\/16525"}],"wp:featuredmedia":[{"embeddable":true,"href":"https:\/\/amc.gov.co\/amc\/wp-json\/wp\/v2\/media\/14140"}],"wp:attachment":[{"href":"https:\/\/amc.gov.co\/amc\/wp-json\/wp\/v2\/media?parent=14139"}],"wp:term":[{"taxonomy":"category","embeddable":true,"href":"https:\/\/amc.gov.co\/amc\/wp-json\/wp\/v2\/categories?post=14139"},{"taxonomy":"post_tag","embeddable":true,"href":"https:\/\/amc.gov.co\/amc\/wp-json\/wp\/v2\/tags?post=14139"}],"curies":[{"name":"wp","href":"https:\/\/api.w.org\/{rel}","templated":true}]}}