{"id":14104,"date":"2024-05-28T10:28:47","date_gmt":"2024-05-28T15:28:47","guid":{"rendered":"https:\/\/amc.gov.co\/amc\/?p=14104"},"modified":"2025-11-01T14:29:55","modified_gmt":"2025-11-01T19:29:55","slug":"mesa-de-trabajo-con-el-centro-integrate","status":"publish","type":"post","link":"https:\/\/amc.gov.co\/amc\/mesa-de-trabajo-con-el-centro-integrate\/","title":{"rendered":"Mesa de trabajo con el Centro Integrate"},"content":{"rendered":"<div class=\"vce-row-container\"><div class=\"vce-row vce-row--col-gap-30 vce-row-equal-height vce-row-content--middle\" data-vce-full-width=\"true\" data-vce-stretch-content=\"true\" id=\"el-d987a71b\" data-vce-do-apply=\"all el-d987a71b\"><div class=\"vce-content-background-container\"><\/div><div class=\"vce-row-content\" data-vce-element-content=\"true\"><div class=\"vce-col vce-col--md-auto vce-col--xs-1 vce-col--xs-last vce-col--xs-first vce-col--sm-last vce-col--sm-first vce-col--md-last vce-col--lg-last vce-col--xl-last vce-col--md-first vce-col--lg-first vce-col--xl-first\" id=\"el-31823185\"><div class=\"vce-col-inner\" data-vce-do-apply=\"border margin background  el-31823185\"><div class=\"vce-col-content\" data-vce-element-content=\"true\" data-vce-do-apply=\"padding el-31823185\"><div class=\"vce-text-block\"><div class=\"vce-text-block-wrapper vce\" id=\"el-ad50d47e\" data-vce-do-apply=\"all el-ad50d47e\"><nav aria-label=\"breadcrumb\"><br><ol class=\"breadcrumb gov-co-breadcrumb\"><br> \t<li class=\"breadcrumb-item\"><a href=\"https:\/\/amc.gov.co\/amc\/\"><i class=\"fas fa-home\"><\/i> Inicio <\/a><\/li><br> \t<li class=\"breadcrumb-item active\" aria-current=\"page\"><a href=\"https:\/\/amc.gov.co\/amc\/?page_id=9241\/\"> Prensa <\/a><\/li><br> \t<li class=\"breadcrumb-item active\" aria-current=\"page\"><a href=\"https:\/\/amc.gov.co\/amc\/noticias\/\">Noticias<\/a><\/li><br> \t<li class=\"breadcrumb-item active\" aria-current=\"page\"><a href=\"https:\/\/amc.gov.co\/amc\/mesa-de-trabajo-con-el-centro-integrate\/\"> Mesa de trabajo con el Centro Integrate  <\/a><\/li><br><\/ol><br><\/nav><\/div><\/div><div class=\"vce-text-block\"><div class=\"vce-text-block-wrapper vce\" id=\"el-b7449bda\" data-vce-do-apply=\"all el-b7449bda\"><p style=\"text-align: center;\"><strong><span style=\"font-family: Montserrat; font-size: 24pt;\">Juan Carlos Soto Cote lider\u00f3 una mesa de trabajo con el Centro Integrate en la Quinta Teresa<\/span><\/strong><\/p><p><img loading=\"lazy\" decoding=\"async\" class=\"alignleft wp-image-14106\" src=\"https:\/\/amc.gov.co\/amc\/wp-content\/uploads\/2024\/05\/Juan-Carlos-Soto-Coto-lidero-una-mesa-de-trabajo-con-el-Centro-Integrate-en-la-Quinta-Teresa.jpg\" alt=\"\" width=\"450\" height=\"338\" srcset=\"https:\/\/amc.gov.co\/amc\/wp-content\/uploads\/2024\/05\/Juan-Carlos-Soto-Coto-lidero-una-mesa-de-trabajo-con-el-Centro-Integrate-en-la-Quinta-Teresa.jpg 1024w, https:\/\/amc.gov.co\/amc\/wp-content\/uploads\/2024\/05\/Juan-Carlos-Soto-Coto-lidero-una-mesa-de-trabajo-con-el-Centro-Integrate-en-la-Quinta-Teresa-768x576.jpg 768w, https:\/\/amc.gov.co\/amc\/wp-content\/uploads\/2024\/05\/Juan-Carlos-Soto-Coto-lidero-una-mesa-de-trabajo-con-el-Centro-Integrate-en-la-Quinta-Teresa-320x240.jpg 320w, https:\/\/amc.gov.co\/amc\/wp-content\/uploads\/2024\/05\/Juan-Carlos-Soto-Coto-lidero-una-mesa-de-trabajo-con-el-Centro-Integrate-en-la-Quinta-Teresa-480x360.jpg 480w, https:\/\/amc.gov.co\/amc\/wp-content\/uploads\/2024\/05\/Juan-Carlos-Soto-Coto-lidero-una-mesa-de-trabajo-con-el-Centro-Integrate-en-la-Quinta-Teresa-800x600.jpg 800w\" sizes=\"(max-width: 450px) 100vw, 450px\" \/><\/p><p>El Director del AMC, Juan Carlos Soto Cote, lider\u00f3 una mesa de trabajo con el Centro Integrate en el marco de la celebraci\u00f3n de su segundo aniversario. Integrate C\u00facuta es una iniciativa articulada entre el Gobierno Local, el Gobierno Nacional y la cooperaci\u00f3n internacional para el desarrollo del Gobierno de Estados Unidos (USAID). Esta estrategia est\u00e1 orientada al servicio de la integraci\u00f3n socioecon\u00f3mica de la poblaci\u00f3n migrante, colombianos retornados, y comunidad en acogida. El Director destac\u00f3 el enfoque de integraci\u00f3n que debe tener la entidad de cara a los municipios metropolitanos.<\/p><p>Asistieron Virgilio Torres, coordinador del Centro Integrate C\u00facuta, representantes de los alcaldes del \u00c1rea Metropolitana, la representante de la Gestora Social de Los Patios y Natalia Villamizar, asesora en relaciones interinstitucionales del AMC.&nbsp; As\u00ed mismo, participaron la oficina del Programa Colombia Nos Une de la Canciller\u00eda&nbsp; y los servicios de la Agencia P\u00fablica de Gesti\u00f3n y Colocaci\u00f3n de Empleo C\u00facuta.<\/p><\/div><\/div><div class=\"vce vce-separator-container vce-separator--align-center vce-separator--style-solid\" id=\"el-a199a742\" data-vce-do-apply=\"margin el-a199a742\"><div class=\"vce-separator vce-separator--color-bfc0c1 vce-separator--width-100 vce-separator--thickness-3\" data-vce-do-apply=\"border padding background  el-a199a742\"><\/div><\/div><div class=\"vce-image-gallery vce-image-gallery--gap-10 vce-image-gallery--columns-3\"><div class=\"vce-image-gallery-wrapper vce\" id=\"el-8f634661\" data-vce-do-apply=\"all el-8f634661\"><div class=\"vce-image-gallery-list\"><div class=\"vce-image-gallery-item\"><figure class=\"vce-image-gallery-item-inner-wrapper\"><a href=\"https:\/\/amc.gov.co\/amc\/wp-content\/uploads\/2024\/05\/Mesa-de-trabajo-con-el-Centro-Integrate-.jpg\" data-lightbox=\"lightbox-8f634661\" class=\"vce-image-gallery-item-inner\"><img decoding=\"async\" class=\"vce-image-gallery-img vce-image-gallery-img--orientation-portrait\" src=\"https:\/\/amc.gov.co\/amc\/wp-content\/uploads\/2024\/05\/Mesa-de-trabajo-con-el-Centro-Integrate-.jpg\" alt=\"\" title=\"Mesa de trabajo con el Centro Integrate\"><\/a><\/figure><\/div><div class=\"vce-image-gallery-item\"><figure class=\"vce-image-gallery-item-inner-wrapper\"><a href=\"https:\/\/amc.gov.co\/amc\/wp-content\/uploads\/2024\/05\/Centro-Integrate-.jpg\" data-lightbox=\"lightbox-8f634661\" class=\"vce-image-gallery-item-inner\"><img decoding=\"async\" class=\"vce-image-gallery-img vce-image-gallery-img--orientation-portrait\" src=\"https:\/\/amc.gov.co\/amc\/wp-content\/uploads\/2024\/05\/Centro-Integrate-.jpg\" alt=\"\" title=\"Centro Integrate\"><\/a><\/figure><\/div><div class=\"vce-image-gallery-item\"><figure class=\"vce-image-gallery-item-inner-wrapper\"><a href=\"https:\/\/amc.gov.co\/amc\/wp-content\/uploads\/2024\/05\/Mesa-de-trabajo-con-el-Centro-Integrate-en-la-Quinta-Teresa.jpg\" data-lightbox=\"lightbox-8f634661\" class=\"vce-image-gallery-item-inner\"><img decoding=\"async\" class=\"vce-image-gallery-img\" src=\"https:\/\/amc.gov.co\/amc\/wp-content\/uploads\/2024\/05\/Mesa-de-trabajo-con-el-Centro-Integrate-en-la-Quinta-Teresa.jpg\" alt=\"Juan Carlos Soto Coto lider\u00f3 una mesa de trabajo con el Centro Integrate\" title=\"Mesa de trabajo con el Centro Integrate en la Quinta Teresa\"><\/a><\/figure><\/div><\/div><\/div><\/div><\/div><\/div><\/div><\/div><\/div><\/div><div class=\"vce-row-container\"><div class=\"vce-row vce-element--has-background vce-row--col-gap-30 vce-row-content--top\" data-vce-full-width=\"true\" data-vce-stretch-content=\"true\" id=\"el-0e3776c0\" data-vce-do-apply=\"all el-0e3776c0\"><div class=\"vce-content-background-container\"><div class=\"vce-asset-background-simple-container vce-visible-all-only vce-asset-background-simple--style-cover vce-asset-background-simple--position-center-top\"><div class=\"vce-asset-background-simple\">\r\n              <div class=\"vce-asset-background-simple-item vcv-lozad\" data-background-image=\"https:\/\/www.aunap.gov.co\/wp-content\/uploads\/2021\/08\/fondo-contadores.png\"><\/div>\r\n              <noscript>\r\n                <div class=\"vce-asset-background-simple-item\" style=\"background-image: url(https:\/\/www.aunap.gov.co\/wp-content\/uploads\/2021\/08\/fondo-contadores.png)\"><\/div>\r\n              <\/noscript>\r\n            <\/div><\/div><\/div><div class=\"vce-row-content\" data-vce-element-content=\"true\"><div class=\"vce-col vce-col--md-auto vce-col--xs-1 vce-col--xs-last vce-col--xs-first vce-col--sm-last vce-col--sm-first vce-col--md-first vce-col--lg-first vce-col--xl-first\" id=\"el-cd49dd9d\"><div class=\"vce-col-inner\" data-vce-do-apply=\"border margin background  el-cd49dd9d\"><div class=\"vce-col-content\" data-vce-element-content=\"true\" data-vce-do-apply=\"padding el-cd49dd9d\"><div class=\"vce-text-block\"><div class=\"vce-text-block-wrapper vce\" id=\"el-6fc305ae\" data-vce-do-apply=\"all el-6fc305ae\"><ul class=\"section-imprimir\"><br> \t<li class=\"share-print\" role=\"presentation\"><a title=\"Imprimir\" href=\"javascript:window.print(); void 0;\"><span class=\"fa fa-print fa-2x\" aria-hidden=\"true\"><\/span><span class=\"hidden\">Imprimir<\/span><\/a><\/li><br><\/ul><\/div><\/div><\/div><\/div><\/div><div class=\"vce-col vce-col--md-auto vce-col--xs-1 vce-col--xs-last vce-col--xs-first vce-col--sm-last vce-col--sm-first vce-col--md-last vce-col--lg-last vce-col--xl-last\" id=\"el-95788861\"><div class=\"vce-col-inner\" data-vce-do-apply=\"border margin background  el-95788861\"><div class=\"vce-col-content\" data-vce-element-content=\"true\" data-vce-do-apply=\"padding el-95788861\"><div class=\"vce-text-block\"><div class=\"vce-text-block-wrapper vce\" id=\"el-9d810552\" data-vce-do-apply=\"all el-9d810552\"><div class=\"section-count\">N\u00famero de visitas a esta p\u00e1gina 0<br>Fecha de publicaci\u00f3n 28 mayo, 2024<br>\u00daltima modificaci\u00f3n 1 noviembre, 2025<\/div><\/div><\/div><\/div><\/div><\/div><\/div><\/div><\/div>\n","protected":false},"excerpt":{"rendered":"<p>Inicio Prensa Noticias Mesa de trabajo con el Centro Integrate Juan Carlos Soto Cote lider\u00f3 una mesa de trabajo con el Centro Integrate en la Quinta TeresaEl Director del AMC, Juan Carlos Soto Cote, lider\u00f3 una mesa de trabajo con el Centro Integrate en el marco de la celebraci\u00f3n de su segundo aniversario. Integrate C\u00facuta&hellip; <a class=\"more-link\" href=\"https:\/\/amc.gov.co\/amc\/mesa-de-trabajo-con-el-centro-integrate\/\">Seguir leyendo <span class=\"screen-reader-text\">Mesa de trabajo con el Centro Integrate<\/span><\/a><\/p>\n","protected":false},"author":3,"featured_media":14108,"comment_status":"closed","ping_status":"closed","sticky":false,"template":"","format":"image","meta":{"footnotes":"","_joinchat":[]},"categories":[11,20],"tags":[],"_links":{"self":[{"href":"https:\/\/amc.gov.co\/amc\/wp-json\/wp\/v2\/posts\/14104"}],"collection":[{"href":"https:\/\/amc.gov.co\/amc\/wp-json\/wp\/v2\/posts"}],"about":[{"href":"https:\/\/amc.gov.co\/amc\/wp-json\/wp\/v2\/types\/post"}],"author":[{"embeddable":true,"href":"https:\/\/amc.gov.co\/amc\/wp-json\/wp\/v2\/users\/3"}],"replies":[{"embeddable":true,"href":"https:\/\/amc.gov.co\/amc\/wp-json\/wp\/v2\/comments?post=14104"}],"version-history":[{"count":6,"href":"https:\/\/amc.gov.co\/amc\/wp-json\/wp\/v2\/posts\/14104\/revisions"}],"predecessor-version":[{"id":16533,"href":"https:\/\/amc.gov.co\/amc\/wp-json\/wp\/v2\/posts\/14104\/revisions\/16533"}],"wp:featuredmedia":[{"embeddable":true,"href":"https:\/\/amc.gov.co\/amc\/wp-json\/wp\/v2\/media\/14108"}],"wp:attachment":[{"href":"https:\/\/amc.gov.co\/amc\/wp-json\/wp\/v2\/media?parent=14104"}],"wp:term":[{"taxonomy":"category","embeddable":true,"href":"https:\/\/amc.gov.co\/amc\/wp-json\/wp\/v2\/categories?post=14104"},{"taxonomy":"post_tag","embeddable":true,"href":"https:\/\/amc.gov.co\/amc\/wp-json\/wp\/v2\/tags?post=14104"}],"curies":[{"name":"wp","href":"https:\/\/api.w.org\/{rel}","templated":true}]}}