{"id":14073,"date":"2024-05-17T15:56:40","date_gmt":"2024-05-17T20:56:40","guid":{"rendered":"https:\/\/amc.gov.co\/amc\/?p=14073"},"modified":"2025-11-01T14:30:09","modified_gmt":"2025-11-01T19:30:09","slug":"boletin-ambiental-de-mayo","status":"publish","type":"post","link":"https:\/\/amc.gov.co\/amc\/boletin-ambiental-de-mayo\/","title":{"rendered":"D\u00cdA MUNDIAL DEL RECICLAJE"},"content":{"rendered":"<div class=\"vce-row-container\"><div class=\"vce-row vce-row--col-gap-30 vce-row-equal-height vce-row-content--middle\" data-vce-full-width=\"true\" data-vce-stretch-content=\"true\" id=\"el-d987a71b\" data-vce-do-apply=\"all el-d987a71b\"><div class=\"vce-content-background-container\"><\/div><div class=\"vce-row-content\" data-vce-element-content=\"true\"><div class=\"vce-col vce-col--md-auto vce-col--xs-1 vce-col--xs-last vce-col--xs-first vce-col--sm-last vce-col--sm-first vce-col--md-last vce-col--lg-last vce-col--xl-last vce-col--md-first vce-col--lg-first vce-col--xl-first\" id=\"el-31823185\"><div class=\"vce-col-inner\" data-vce-do-apply=\"border margin background  el-31823185\"><div class=\"vce-col-content\" data-vce-element-content=\"true\" data-vce-do-apply=\"padding el-31823185\"><div class=\"vce-text-block\"><div class=\"vce-text-block-wrapper vce\" id=\"el-ad50d47e\" data-vce-do-apply=\"all el-ad50d47e\"><nav aria-label=\"breadcrumb\"><br><ol class=\"breadcrumb gov-co-breadcrumb\"><br> \t<li class=\"breadcrumb-item\"><a href=\"https:\/\/amc.gov.co\/amc\/\"><i class=\"fas fa-home\"><\/i> Inicio <\/a><\/li><br> \t<li class=\"breadcrumb-item active\" aria-current=\"page\"><a href=\"https:\/\/amc.gov.co\/amc\/?page_id=9241\/\"> Prensa <\/a><\/li><br> \t<li class=\"breadcrumb-item active\" aria-current=\"page\"><a href=\"https:\/\/amc.gov.co\/amc\/noticias\/\">Noticias<\/a><\/li><br> \t<li class=\"breadcrumb-item active\" aria-current=\"page\"><a href=\"https:\/\/amc.gov.co\/amc\/boletin-ambiental-de-mayo\/\"> Bolet\u00edn ambiental de Mayo - D\u00eda Mundial del Reciclaje <\/a><\/li><br><\/ol><br><\/nav><\/div><\/div><div class=\"vce-text-block\"><div class=\"vce-text-block-wrapper vce\" id=\"el-b7449bda\" data-vce-do-apply=\"all el-b7449bda\"><p style=\"text-align: center;\"><strong><span style=\"font-family: Montserrat; font-size: 24pt;\">Bolet\u00edn ambiental de Mayo: D\u00eda Mundial del Reciclaje<br><\/span><\/strong><\/p><p><img loading=\"lazy\" decoding=\"async\" class=\"alignleft wp-image-14074\" src=\"https:\/\/amc.gov.co\/amc\/wp-content\/uploads\/2024\/05\/Boletin-ambiental-de-Mayo.jpg\" alt=\"Bolet\u00edn ambiental de Mayo\" width=\"450\" height=\"450\" srcset=\"https:\/\/amc.gov.co\/amc\/wp-content\/uploads\/2024\/05\/Boletin-ambiental-de-Mayo.jpg 1080w, https:\/\/amc.gov.co\/amc\/wp-content\/uploads\/2024\/05\/Boletin-ambiental-de-Mayo-768x768.jpg 768w, https:\/\/amc.gov.co\/amc\/wp-content\/uploads\/2024\/05\/Boletin-ambiental-de-Mayo-320x320.jpg 320w, https:\/\/amc.gov.co\/amc\/wp-content\/uploads\/2024\/05\/Boletin-ambiental-de-Mayo-480x480.jpg 480w, https:\/\/amc.gov.co\/amc\/wp-content\/uploads\/2024\/05\/Boletin-ambiental-de-Mayo-800x800.jpg 800w\" sizes=\"(max-width: 450px) 100vw, 450px\" \/><\/p><p>&nbsp;<\/p><p>La subdirecci\u00f3n de Proyectos y coordinaci\u00f3n institucional, en cumplimiento con el Plan de desarrollo institucional, publica el bolet\u00edn ambiental del mes mayo. En esta ocasi\u00f3n, orientado a resaltar la importancia de reciclar y su impacto en la protecci\u00f3n del medio ambiente.<\/p><p>\u00a1Que tengan una agradable lectura, Metropolitanos!<\/p><p>&nbsp;<\/p><p>&nbsp;<\/p><\/div><\/div><div class=\"vce-shortcode\"><div class=\"vce-shortcode-wrapper vce\" id=\"el-b2db65d3\" data-vce-do-apply=\"all el-b2db65d3\"><div class='w3eden'><!-- WPDM Link Template: Widget Template -->\n\n<div class=\"media link-template-widget\">\n    <a title=\"Bolet\u00edn mes de mayo -D\u00eda Mundial del Reciclaje\" target=\"_blank\" class=\"mr-3 img-48\" href=\"https:\/\/amc.gov.co\/amc\/download\/boletin-mes-de-mayo-dia-mundial-del-reciclaje\/\">\n        <img class=\"wpdm_icon\" alt=\"Icono\"   src=\"https:\/\/amc.gov.co\/amc\/wp-content\/plugins\/download-manager\/assets\/file-type-icons\/pdf.svg\" \/>\n    <\/a>\n    <div class=\"media-body\" style=\"text-align:left!important;\">\n        <a title=\"Bolet\u00edn mes de mayo -D\u00eda Mundial del Reciclaje\" target=\"_blank\" href=\"https:\/\/amc.gov.co\/amc\/download\/boletin-mes-de-mayo-dia-mundial-del-reciclaje\/\" style=\"display: block;clear: bottom;font-size: 11pt;font-weight: bold;\">Bolet\u00edn mes de mayo -D\u00eda Mundial del Reciclaje<\/a>\n\t\t\n        <div style=\"font-size: 9pt;Color:#00906B!important;\">\n            <i class=\"fas\"><\/i> 3.75 Mb <i class=\"fa ml-3\"><\/i>\n            17 mayo, 2024\n\t\t<\/div>\n\t\t<div style=\"font-size: 8pt;\"><strong>Descripcion: <\/strong><p style=\"text-align: left;\"><em>Bolet\u00edn Ambiental - D\u00eda Mundial del Reciclaje \"Separaci\u00f3n, Aprovechamiento y Programas PosConsumo\"<\/em><\/p>\n<\/div>\n\t\t\n\t\t\t\t\t\n    <\/div>\n\t<div title=\"Bolet\u00edn mes de mayo -D\u00eda Mundial del Reciclaje\">\n       <a class='wpdm-download-link download-on-click btn btn-primary ' rel='nofollow' href='#' data-downloadurl=\"https:\/\/amc.gov.co\/amc\/download\/boletin-mes-de-mayo-dia-mundial-del-reciclaje\/?wpdmdl=14080&refresh=69f48c473a0291777634375\">Descargar<\/a>\n    <\/div>\n    \n\n<\/div>\n\n\n<\/div><\/div><\/div><div class=\"vce vce-separator-container vce-separator--align-center vce-separator--style-solid\" id=\"el-a199a742\" data-vce-do-apply=\"margin el-a199a742\"><div class=\"vce-separator vce-separator--color-bfc0c1 vce-separator--width-100 vce-separator--thickness-3\" data-vce-do-apply=\"border padding background  el-a199a742\"><\/div><\/div><\/div><\/div><\/div><\/div><\/div><\/div><div class=\"vce-row-container\"><div class=\"vce-row vce-element--has-background vce-row--col-gap-30 vce-row-content--top\" data-vce-full-width=\"true\" data-vce-stretch-content=\"true\" id=\"el-0e3776c0\" data-vce-do-apply=\"all el-0e3776c0\"><div class=\"vce-content-background-container\"><div class=\"vce-asset-background-simple-container vce-visible-all-only vce-asset-background-simple--style-cover vce-asset-background-simple--position-center-top\"><div class=\"vce-asset-background-simple\">\r\n              <div class=\"vce-asset-background-simple-item vcv-lozad\" data-background-image=\"https:\/\/www.aunap.gov.co\/wp-content\/uploads\/2021\/08\/fondo-contadores.png\"><\/div>\r\n              <noscript>\r\n                <div class=\"vce-asset-background-simple-item\" style=\"background-image: url(https:\/\/www.aunap.gov.co\/wp-content\/uploads\/2021\/08\/fondo-contadores.png)\"><\/div>\r\n              <\/noscript>\r\n            <\/div><\/div><\/div><div class=\"vce-row-content\" data-vce-element-content=\"true\"><div class=\"vce-col vce-col--md-auto vce-col--xs-1 vce-col--xs-last vce-col--xs-first vce-col--sm-last vce-col--sm-first vce-col--md-first vce-col--lg-first vce-col--xl-first\" id=\"el-cd49dd9d\"><div class=\"vce-col-inner\" data-vce-do-apply=\"border margin background  el-cd49dd9d\"><div class=\"vce-col-content\" data-vce-element-content=\"true\" data-vce-do-apply=\"padding el-cd49dd9d\"><div class=\"vce-text-block\"><div class=\"vce-text-block-wrapper vce\" id=\"el-6fc305ae\" data-vce-do-apply=\"all el-6fc305ae\"><ul class=\"section-imprimir\"><br> \t<li class=\"share-print\" role=\"presentation\"><a title=\"Imprimir\" href=\"javascript:window.print(); void 0;\"><span class=\"fa fa-print fa-2x\" aria-hidden=\"true\"><\/span><span class=\"hidden\">Imprimir<\/span><\/a><\/li><br><\/ul><\/div><\/div><\/div><\/div><\/div><div class=\"vce-col vce-col--md-auto vce-col--xs-1 vce-col--xs-last vce-col--xs-first vce-col--sm-last vce-col--sm-first vce-col--md-last vce-col--lg-last vce-col--xl-last\" id=\"el-95788861\"><div class=\"vce-col-inner\" data-vce-do-apply=\"border margin background  el-95788861\"><div class=\"vce-col-content\" data-vce-element-content=\"true\" data-vce-do-apply=\"padding el-95788861\"><div class=\"vce-text-block\"><div class=\"vce-text-block-wrapper vce\" id=\"el-9d810552\" data-vce-do-apply=\"all el-9d810552\"><div class=\"section-count\">N\u00famero de visitas a esta p\u00e1gina 0<br>Fecha de publicaci\u00f3n 17 mayo, 2024<br>\u00daltima modificaci\u00f3n 1 noviembre, 2025<\/div><\/div><\/div><\/div><\/div><\/div><\/div><\/div><\/div>\n","protected":false},"excerpt":{"rendered":"<p>Inicio Prensa Noticias Bolet\u00edn ambiental de Mayo &#8211; D\u00eda Mundial del Reciclaje Bolet\u00edn ambiental de Mayo: D\u00eda Mundial del Reciclaje&nbsp;La subdirecci\u00f3n de Proyectos y coordinaci\u00f3n institucional, en cumplimiento con el Plan de desarrollo institucional, publica el bolet\u00edn ambiental del mes mayo. En esta ocasi\u00f3n, orientado a resaltar la importancia de reciclar y su impacto en&hellip; <a class=\"more-link\" href=\"https:\/\/amc.gov.co\/amc\/boletin-ambiental-de-mayo\/\">Seguir leyendo <span class=\"screen-reader-text\">D\u00cdA MUNDIAL DEL RECICLAJE<\/span><\/a><\/p>\n","protected":false},"author":3,"featured_media":14074,"comment_status":"closed","ping_status":"closed","sticky":false,"template":"","format":"image","meta":{"footnotes":"","_joinchat":[]},"categories":[10],"tags":[],"_links":{"self":[{"href":"https:\/\/amc.gov.co\/amc\/wp-json\/wp\/v2\/posts\/14073"}],"collection":[{"href":"https:\/\/amc.gov.co\/amc\/wp-json\/wp\/v2\/posts"}],"about":[{"href":"https:\/\/amc.gov.co\/amc\/wp-json\/wp\/v2\/types\/post"}],"author":[{"embeddable":true,"href":"https:\/\/amc.gov.co\/amc\/wp-json\/wp\/v2\/users\/3"}],"replies":[{"embeddable":true,"href":"https:\/\/amc.gov.co\/amc\/wp-json\/wp\/v2\/comments?post=14073"}],"version-history":[{"count":11,"href":"https:\/\/amc.gov.co\/amc\/wp-json\/wp\/v2\/posts\/14073\/revisions"}],"predecessor-version":[{"id":16534,"href":"https:\/\/amc.gov.co\/amc\/wp-json\/wp\/v2\/posts\/14073\/revisions\/16534"}],"wp:featuredmedia":[{"embeddable":true,"href":"https:\/\/amc.gov.co\/amc\/wp-json\/wp\/v2\/media\/14074"}],"wp:attachment":[{"href":"https:\/\/amc.gov.co\/amc\/wp-json\/wp\/v2\/media?parent=14073"}],"wp:term":[{"taxonomy":"category","embeddable":true,"href":"https:\/\/amc.gov.co\/amc\/wp-json\/wp\/v2\/categories?post=14073"},{"taxonomy":"post_tag","embeddable":true,"href":"https:\/\/amc.gov.co\/amc\/wp-json\/wp\/v2\/tags?post=14073"}],"curies":[{"name":"wp","href":"https:\/\/api.w.org\/{rel}","templated":true}]}}