{"id":14046,"date":"2024-05-14T10:40:40","date_gmt":"2024-05-14T15:40:40","guid":{"rendered":"https:\/\/amc.gov.co\/amc\/?p=14046"},"modified":"2025-11-01T14:30:29","modified_gmt":"2025-11-01T19:30:29","slug":"amc-visita-puerto-santander-en-ocasion-de-la-apertura-vehicular-del-puente-la-union","status":"publish","type":"post","link":"https:\/\/amc.gov.co\/amc\/amc-visita-puerto-santander-en-ocasion-de-la-apertura-vehicular-del-puente-la-union\/","title":{"rendered":"AMC visita Puerto Santander en ocasi\u00f3n de la apertura vehicular del Puente La Uni\u00f3n"},"content":{"rendered":"<div class=\"vce-row-container\"><div class=\"vce-row vce-row--col-gap-30 vce-row-equal-height vce-row-content--middle\" data-vce-full-width=\"true\" data-vce-stretch-content=\"true\" id=\"el-d987a71b\" data-vce-do-apply=\"all el-d987a71b\"><div class=\"vce-content-background-container\"><\/div><div class=\"vce-row-content\" data-vce-element-content=\"true\"><div class=\"vce-col vce-col--md-auto vce-col--xs-1 vce-col--xs-last vce-col--xs-first vce-col--sm-last vce-col--sm-first vce-col--md-last vce-col--lg-last vce-col--xl-last vce-col--md-first vce-col--lg-first vce-col--xl-first\" id=\"el-31823185\"><div class=\"vce-col-inner\" data-vce-do-apply=\"border margin background  el-31823185\"><div class=\"vce-col-content\" data-vce-element-content=\"true\" data-vce-do-apply=\"padding el-31823185\"><div class=\"vce-text-block\"><div class=\"vce-text-block-wrapper vce\" id=\"el-ad50d47e\" data-vce-do-apply=\"all el-ad50d47e\"><nav aria-label=\"breadcrumb\"><br><ol class=\"breadcrumb gov-co-breadcrumb\"><br> \t<li class=\"breadcrumb-item\"><a href=\"https:\/\/amc.gov.co\/amc\/\"><i class=\"fas fa-home\"><\/i> Inicio <\/a><\/li><br> \t<li class=\"breadcrumb-item active\" aria-current=\"page\"><a href=\"https:\/\/amc.gov.co\/amc\/?page_id=9241\/\"> Prensa <\/a><\/li><br> \t<li class=\"breadcrumb-item active\" aria-current=\"page\"><a href=\"https:\/\/amc.gov.co\/amc\/noticias\/\">Noticias<\/a><\/li><br> \t<li class=\"breadcrumb-item active\" aria-current=\"page\"><a href=\"https:\/\/amc.gov.co\/amc\/amc-visita-puerto-santander-en-ocasion-de-la-apertura-vehicular-del-puente-la-union\/\"> Puerto Santander apertura vehicular del Puente La Uni\u00f3n <\/a><\/li><br><\/ol><br><\/nav><\/div><\/div><div class=\"vce-text-block\"><div class=\"vce-text-block-wrapper vce\" id=\"el-b7449bda\" data-vce-do-apply=\"all el-b7449bda\"><p style=\"text-align: center;\"><strong><span style=\"font-family: Montserrat; font-size: 24pt;\">AMC visita Puerto Santander en ocasi\u00f3n de la apertura vehicular del Puente La Uni\u00f3n<\/span><\/strong><\/p><p><img loading=\"lazy\" decoding=\"async\" class=\"aligncenter wp-image-14056 size-full\" src=\"https:\/\/amc.gov.co\/amc\/wp-content\/uploads\/2024\/05\/AMC-visita-Puerto-Santander-en-apertura-vehicular-del-Puente-La-Union.jpg\" alt=\"AMC visita Puerto Santander en apertura vehicular del Puente La Uni\u00f3n\" width=\"1200\" height=\"896\" srcset=\"https:\/\/amc.gov.co\/amc\/wp-content\/uploads\/2024\/05\/AMC-visita-Puerto-Santander-en-apertura-vehicular-del-Puente-La-Union.jpg 1200w, https:\/\/amc.gov.co\/amc\/wp-content\/uploads\/2024\/05\/AMC-visita-Puerto-Santander-en-apertura-vehicular-del-Puente-La-Union-768x573.jpg 768w, https:\/\/amc.gov.co\/amc\/wp-content\/uploads\/2024\/05\/AMC-visita-Puerto-Santander-en-apertura-vehicular-del-Puente-La-Union-320x239.jpg 320w, https:\/\/amc.gov.co\/amc\/wp-content\/uploads\/2024\/05\/AMC-visita-Puerto-Santander-en-apertura-vehicular-del-Puente-La-Union-480x358.jpg 480w, https:\/\/amc.gov.co\/amc\/wp-content\/uploads\/2024\/05\/AMC-visita-Puerto-Santander-en-apertura-vehicular-del-Puente-La-Union-800x597.jpg 800w\" sizes=\"(max-width: 1200px) 100vw, 1200px\" \/><\/p><p>Camilo Andr\u00e9s G\u00f3mez, subdirector de proyectos y coordinaci\u00f3n institucional, acompa\u00f1\u00f3 a la alcaldesa de Puerto Santander, Teresa G\u00f3mez en la apertura para tr\u00e1nsito vehicular del Puente Internacional La Uni\u00f3n.<\/p><p>Al acto asistieron, tambi\u00e9n, los gobernadores de Norte de Santander y del T\u00e1chira, William Villamizar y Feddy Bernal respectivamente. En sus discursos ambos dirigentes destacaron la importancia de la efectiva cooperaci\u00f3n fronteriza. As\u00ed mismo, la comunidad porte\u00f1a manifest\u00f3 su entusiasmo por la apertura vehicular y celebr\u00f3 con la papayera del municipio.<\/p><\/div><\/div><div class=\"vce vce-separator-container vce-separator--align-center vce-separator--style-solid\" id=\"el-a199a742\" data-vce-do-apply=\"margin el-a199a742\"><div class=\"vce-separator vce-separator--color-bfc0c1 vce-separator--width-100 vce-separator--thickness-3\" data-vce-do-apply=\"border padding background  el-a199a742\"><\/div><\/div><div class=\"vce-image-gallery vce-image-gallery--gap-10 vce-image-gallery--columns-3\"><div class=\"vce-image-gallery-wrapper vce\" id=\"el-9595d296\" data-vce-do-apply=\"all el-9595d296\"><div class=\"vce-image-gallery-list\"><div class=\"vce-image-gallery-item\"><figure class=\"vce-image-gallery-item-inner-wrapper\"><a href=\"https:\/\/amc.gov.co\/amc\/wp-content\/uploads\/2024\/05\/Alcaldesa-de-Puerto-Santander-Teresa-Gomez-en-la-apertura-para-transito-vehicular-del-Puente-Internacional-La-Union.jpg\" data-lightbox=\"lightbox-9595d296\" class=\"vce-image-gallery-item-inner\"><img decoding=\"async\" class=\"vce-image-gallery-img vce-image-gallery-img--orientation-portrait\" src=\"https:\/\/amc.gov.co\/amc\/wp-content\/uploads\/2024\/05\/Alcaldesa-de-Puerto-Santander-Teresa-Gomez-en-la-apertura-para-transito-vehicular-del-Puente-Internacional-La-Union.jpg\" alt=\"Alcaldesa de Puerto Santander, Teresa G\u00f3mez en la apertura para tr\u00e1nsito vehicular del Puente Internacional La Uni\u00f3n\" title=\"Alcaldesa de Puerto Santander, Teresa G\u00f3mez en la apertura para tr\u00e1nsito vehicular del Puente Internacional La Uni\u00f3n\"><\/a><\/figure><\/div><div class=\"vce-image-gallery-item\"><figure class=\"vce-image-gallery-item-inner-wrapper\"><a href=\"https:\/\/amc.gov.co\/amc\/wp-content\/uploads\/2024\/05\/Apertura-vehicular-y-celebracion-de-apertura-del-puente-La-Union.jpg\" data-lightbox=\"lightbox-9595d296\" class=\"vce-image-gallery-item-inner\"><img decoding=\"async\" class=\"vce-image-gallery-img vce-image-gallery-img--orientation-portrait\" src=\"https:\/\/amc.gov.co\/amc\/wp-content\/uploads\/2024\/05\/Apertura-vehicular-y-celebracion-de-apertura-del-puente-La-Union.jpg\" alt=\"Apertura vehicular y celebraci\u00f3n de apertura del puente La Uni\u00f3n\" title=\"Apertura vehicular y celebraci\u00f3n de apertura del puente La Uni\u00f3n\"><\/a><\/figure><\/div><div class=\"vce-image-gallery-item\"><figure class=\"vce-image-gallery-item-inner-wrapper\"><a href=\"https:\/\/amc.gov.co\/amc\/wp-content\/uploads\/2024\/05\/Camilo-Andres-Gomez-subdirector-de-proyectos-y-coordinacion-institucional-acompano-a-la-alcaldesa-de-Puerto-Santander.jpg\" data-lightbox=\"lightbox-9595d296\" class=\"vce-image-gallery-item-inner\"><img decoding=\"async\" class=\"vce-image-gallery-img vce-image-gallery-img--orientation-portrait\" src=\"https:\/\/amc.gov.co\/amc\/wp-content\/uploads\/2024\/05\/Camilo-Andres-Gomez-subdirector-de-proyectos-y-coordinacion-institucional-acompano-a-la-alcaldesa-de-Puerto-Santander.jpg\" alt=\"Camilo Andr\u00e9s G\u00f3mez, subdirector de proyectos y coordinaci\u00f3n institucional, acompa\u00f1\u00f3 a la alcaldesa de Puerto Santander\" title=\"Camilo Andr\u00e9s G\u00f3mez, subdirector de proyectos y coordinaci\u00f3n institucional, acompa\u00f1\u00f3 a la alcaldesa de Puerto Santander\"><\/a><\/figure><\/div><\/div><\/div><\/div><\/div><\/div><\/div><\/div><\/div><\/div><div class=\"vce-row-container\"><div class=\"vce-row vce-element--has-background vce-row--col-gap-30 vce-row-content--top\" data-vce-full-width=\"true\" data-vce-stretch-content=\"true\" id=\"el-0e3776c0\" data-vce-do-apply=\"all el-0e3776c0\"><div class=\"vce-content-background-container\"><div class=\"vce-asset-background-simple-container vce-visible-all-only vce-asset-background-simple--style-cover vce-asset-background-simple--position-center-top\"><div class=\"vce-asset-background-simple\">\r\n              <div class=\"vce-asset-background-simple-item vcv-lozad\" data-background-image=\"https:\/\/www.aunap.gov.co\/wp-content\/uploads\/2021\/08\/fondo-contadores.png\"><\/div>\r\n              <noscript>\r\n                <div class=\"vce-asset-background-simple-item\" style=\"background-image: url(https:\/\/www.aunap.gov.co\/wp-content\/uploads\/2021\/08\/fondo-contadores.png)\"><\/div>\r\n              <\/noscript>\r\n            <\/div><\/div><\/div><div class=\"vce-row-content\" data-vce-element-content=\"true\"><div class=\"vce-col vce-col--md-auto vce-col--xs-1 vce-col--xs-last vce-col--xs-first vce-col--sm-last vce-col--sm-first vce-col--md-first vce-col--lg-first vce-col--xl-first\" id=\"el-cd49dd9d\"><div class=\"vce-col-inner\" data-vce-do-apply=\"border margin background  el-cd49dd9d\"><div class=\"vce-col-content\" data-vce-element-content=\"true\" data-vce-do-apply=\"padding el-cd49dd9d\"><div class=\"vce-text-block\"><div class=\"vce-text-block-wrapper vce\" id=\"el-6fc305ae\" data-vce-do-apply=\"all el-6fc305ae\"><ul class=\"section-imprimir\"><br> \t<li class=\"share-print\" role=\"presentation\"><a title=\"Imprimir\" href=\"javascript:window.print(); void 0;\"><span class=\"fa fa-print fa-2x\" aria-hidden=\"true\"><\/span><span class=\"hidden\">Imprimir<\/span><\/a><\/li><br><\/ul><\/div><\/div><\/div><\/div><\/div><div class=\"vce-col vce-col--md-auto vce-col--xs-1 vce-col--xs-last vce-col--xs-first vce-col--sm-last vce-col--sm-first vce-col--md-last vce-col--lg-last vce-col--xl-last\" id=\"el-95788861\"><div class=\"vce-col-inner\" data-vce-do-apply=\"border margin background  el-95788861\"><div class=\"vce-col-content\" data-vce-element-content=\"true\" data-vce-do-apply=\"padding el-95788861\"><div class=\"vce-text-block\"><div class=\"vce-text-block-wrapper vce\" id=\"el-9d810552\" data-vce-do-apply=\"all el-9d810552\"><div class=\"section-count\">N\u00famero de visitas a esta p\u00e1gina 0<br>Fecha de publicaci\u00f3n 14 mayo, 2024<br>\u00daltima modificaci\u00f3n 1 noviembre, 2025<\/div><\/div><\/div><\/div><\/div><\/div><\/div><\/div><\/div>\n","protected":false},"excerpt":{"rendered":"<p>Inicio Prensa Noticias Puerto Santander apertura vehicular del Puente La Uni\u00f3n AMC visita Puerto Santander en ocasi\u00f3n de la apertura vehicular del Puente La Uni\u00f3nCamilo Andr\u00e9s G\u00f3mez, subdirector de proyectos y coordinaci\u00f3n institucional, acompa\u00f1\u00f3 a la alcaldesa de Puerto Santander, Teresa G\u00f3mez en la apertura para tr\u00e1nsito vehicular del Puente Internacional La Uni\u00f3n.Al acto asistieron,&hellip; <a class=\"more-link\" href=\"https:\/\/amc.gov.co\/amc\/amc-visita-puerto-santander-en-ocasion-de-la-apertura-vehicular-del-puente-la-union\/\">Seguir leyendo <span class=\"screen-reader-text\">AMC visita Puerto Santander en ocasi\u00f3n de la apertura vehicular del Puente La Uni\u00f3n<\/span><\/a><\/p>\n","protected":false},"author":3,"featured_media":14047,"comment_status":"closed","ping_status":"closed","sticky":false,"template":"","format":"image","meta":{"footnotes":"","_joinchat":[]},"categories":[11,20],"tags":[],"_links":{"self":[{"href":"https:\/\/amc.gov.co\/amc\/wp-json\/wp\/v2\/posts\/14046"}],"collection":[{"href":"https:\/\/amc.gov.co\/amc\/wp-json\/wp\/v2\/posts"}],"about":[{"href":"https:\/\/amc.gov.co\/amc\/wp-json\/wp\/v2\/types\/post"}],"author":[{"embeddable":true,"href":"https:\/\/amc.gov.co\/amc\/wp-json\/wp\/v2\/users\/3"}],"replies":[{"embeddable":true,"href":"https:\/\/amc.gov.co\/amc\/wp-json\/wp\/v2\/comments?post=14046"}],"version-history":[{"count":7,"href":"https:\/\/amc.gov.co\/amc\/wp-json\/wp\/v2\/posts\/14046\/revisions"}],"predecessor-version":[{"id":16535,"href":"https:\/\/amc.gov.co\/amc\/wp-json\/wp\/v2\/posts\/14046\/revisions\/16535"}],"wp:featuredmedia":[{"embeddable":true,"href":"https:\/\/amc.gov.co\/amc\/wp-json\/wp\/v2\/media\/14047"}],"wp:attachment":[{"href":"https:\/\/amc.gov.co\/amc\/wp-json\/wp\/v2\/media?parent=14046"}],"wp:term":[{"taxonomy":"category","embeddable":true,"href":"https:\/\/amc.gov.co\/amc\/wp-json\/wp\/v2\/categories?post=14046"},{"taxonomy":"post_tag","embeddable":true,"href":"https:\/\/amc.gov.co\/amc\/wp-json\/wp\/v2\/tags?post=14046"}],"curies":[{"name":"wp","href":"https:\/\/api.w.org\/{rel}","templated":true}]}}