{"id":14040,"date":"2024-05-14T09:52:03","date_gmt":"2024-05-14T14:52:03","guid":{"rendered":"https:\/\/amc.gov.co\/amc\/?p=14040"},"modified":"2025-11-01T14:30:41","modified_gmt":"2025-11-01T19:30:41","slug":"exposicion-de-proyectos-y-planes-que-desarrolla-el-area-metropolitana-con-el-municipio","status":"publish","type":"post","link":"https:\/\/amc.gov.co\/amc\/exposicion-de-proyectos-y-planes-que-desarrolla-el-area-metropolitana-con-el-municipio\/","title":{"rendered":"Exposici\u00f3n de proyectos y planes que desarrolla el \u00c1rea Metropolitana con el municipio"},"content":{"rendered":"<div class=\"vce-row-container\"><div class=\"vce-row vce-row--col-gap-30 vce-row-equal-height vce-row-content--middle\" data-vce-full-width=\"true\" data-vce-stretch-content=\"true\" id=\"el-d987a71b\" data-vce-do-apply=\"all el-d987a71b\"><div class=\"vce-content-background-container\"><\/div><div class=\"vce-row-content\" data-vce-element-content=\"true\"><div class=\"vce-col vce-col--md-auto vce-col--xs-1 vce-col--xs-last vce-col--xs-first vce-col--sm-last vce-col--sm-first vce-col--md-last vce-col--lg-last vce-col--xl-last vce-col--md-first vce-col--lg-first vce-col--xl-first\" id=\"el-31823185\"><div class=\"vce-col-inner\" data-vce-do-apply=\"border margin background  el-31823185\"><div class=\"vce-col-content\" data-vce-element-content=\"true\" data-vce-do-apply=\"padding el-31823185\"><div class=\"vce-text-block\"><div class=\"vce-text-block-wrapper vce\" id=\"el-ad50d47e\" data-vce-do-apply=\"all el-ad50d47e\"><nav aria-label=\"breadcrumb\"><br><ol class=\"breadcrumb gov-co-breadcrumb\"><br> \t<li class=\"breadcrumb-item\"><a href=\"https:\/\/amc.gov.co\/amc\/\"><i class=\"fas fa-home\"><\/i> Inicio <\/a><\/li><br> \t<li class=\"breadcrumb-item active\" aria-current=\"page\"><a href=\"https:\/\/amc.gov.co\/amc\/?page_id=9241\/\"> Prensa <\/a><\/li><br> \t<li class=\"breadcrumb-item active\" aria-current=\"page\"><a href=\"https:\/\/amc.gov.co\/amc\/noticias\/\">Noticias<\/a><\/li><br> \t<li class=\"breadcrumb-item active\" aria-current=\"page\"><a href=\"https:\/\/amc.gov.co\/amc\/exposicion-de-proyectos-y-planes-que-desarrolla-el-area-metropolitana-con-el-municipio\/\"> Exposici\u00f3n de proyectos y planes que desarrolla el \u00c1rea Metropolitana <\/a><\/li><br><\/ol><br><\/nav><\/div><\/div><div class=\"vce-text-block\"><div class=\"vce-text-block-wrapper vce\" id=\"el-b7449bda\" data-vce-do-apply=\"all el-b7449bda\"><p style=\"text-align: center;\"><strong><span style=\"font-family: Montserrat; font-size: 24pt;\">Director del AMC se re\u00fane con el Alcalde de C\u00facuta y varios de sus secretarios de despacho<\/span><\/strong><\/p><p style=\"text-align: center;\">&nbsp;<\/p><p><img loading=\"lazy\" decoding=\"async\" class=\"alignleft wp-image-14041\" src=\"https:\/\/amc.gov.co\/amc\/wp-content\/uploads\/2024\/05\/Exposicion-de-proyectos-y-planes-que-desarrolla-el-Area-Metropolitana-con-el-municipio.jpg\" alt=\"Exposici\u00f3n de proyectos y planes que desarrolla el \u00c1rea Metropolitana con el municipio\" width=\"450\" height=\"450\" srcset=\"https:\/\/amc.gov.co\/amc\/wp-content\/uploads\/2024\/05\/Exposicion-de-proyectos-y-planes-que-desarrolla-el-Area-Metropolitana-con-el-municipio.jpg 1600w, https:\/\/amc.gov.co\/amc\/wp-content\/uploads\/2024\/05\/Exposicion-de-proyectos-y-planes-que-desarrolla-el-Area-Metropolitana-con-el-municipio-768x768.jpg 768w, https:\/\/amc.gov.co\/amc\/wp-content\/uploads\/2024\/05\/Exposicion-de-proyectos-y-planes-que-desarrolla-el-Area-Metropolitana-con-el-municipio-1536x1536.jpg 1536w, https:\/\/amc.gov.co\/amc\/wp-content\/uploads\/2024\/05\/Exposicion-de-proyectos-y-planes-que-desarrolla-el-Area-Metropolitana-con-el-municipio-320x320.jpg 320w, https:\/\/amc.gov.co\/amc\/wp-content\/uploads\/2024\/05\/Exposicion-de-proyectos-y-planes-que-desarrolla-el-Area-Metropolitana-con-el-municipio-480x480.jpg 480w, https:\/\/amc.gov.co\/amc\/wp-content\/uploads\/2024\/05\/Exposicion-de-proyectos-y-planes-que-desarrolla-el-Area-Metropolitana-con-el-municipio-800x800.jpg 800w, https:\/\/amc.gov.co\/amc\/wp-content\/uploads\/2024\/05\/Exposicion-de-proyectos-y-planes-que-desarrolla-el-Area-Metropolitana-con-el-municipio-1568x1568.jpg 1568w\" sizes=\"(max-width: 450px) 100vw, 450px\" \/>El Director del AMC, Juan Carlos Soto Cote se reuni\u00f3 con el Alcalde de C\u00facuta, Jorge Enrique Acevedo Pe\u00f1aloza, para exponer y conversar sobre los proyectos y planes que desarrolla la entidad con el municipio.<\/p><p>Al encuentro, en el despacho del alcalde asistieron: Juan Bocanegra, Director de Planeaci\u00f3n Municipal, Nadim Bayona, Secretario de Cultura y Turismo, Jare Leandro Ugarte, Secretaria de Posconflicto y Cultura de Paz, Daniel Franco, Secretario Privado y Camilo Andr\u00e9s G\u00f3mez, subdirector de Proyectos y Coordinaci\u00f3n Institucional del AMC.<\/p><\/div><\/div><div class=\"vce vce-separator-container vce-separator--align-center vce-separator--style-solid\" id=\"el-a199a742\" data-vce-do-apply=\"margin el-a199a742\"><div class=\"vce-separator vce-separator--color-bfc0c1 vce-separator--width-100 vce-separator--thickness-3\" data-vce-do-apply=\"border padding background  el-a199a742\"><\/div><\/div><\/div><\/div><\/div><\/div><\/div><\/div><div class=\"vce-row-container\"><div class=\"vce-row vce-element--has-background vce-row--col-gap-30 vce-row-content--top\" data-vce-full-width=\"true\" data-vce-stretch-content=\"true\" id=\"el-0e3776c0\" data-vce-do-apply=\"all el-0e3776c0\"><div class=\"vce-content-background-container\"><div class=\"vce-asset-background-simple-container vce-visible-all-only vce-asset-background-simple--style-cover vce-asset-background-simple--position-center-top\"><div class=\"vce-asset-background-simple\">\r\n              <div class=\"vce-asset-background-simple-item vcv-lozad\" data-background-image=\"https:\/\/www.aunap.gov.co\/wp-content\/uploads\/2021\/08\/fondo-contadores.png\"><\/div>\r\n              <noscript>\r\n                <div class=\"vce-asset-background-simple-item\" style=\"background-image: url(https:\/\/www.aunap.gov.co\/wp-content\/uploads\/2021\/08\/fondo-contadores.png)\"><\/div>\r\n              <\/noscript>\r\n            <\/div><\/div><\/div><div class=\"vce-row-content\" data-vce-element-content=\"true\"><div class=\"vce-col vce-col--md-auto vce-col--xs-1 vce-col--xs-last vce-col--xs-first vce-col--sm-last vce-col--sm-first vce-col--md-first vce-col--lg-first vce-col--xl-first\" id=\"el-cd49dd9d\"><div class=\"vce-col-inner\" data-vce-do-apply=\"border margin background  el-cd49dd9d\"><div class=\"vce-col-content\" data-vce-element-content=\"true\" data-vce-do-apply=\"padding el-cd49dd9d\"><div class=\"vce-text-block\"><div class=\"vce-text-block-wrapper vce\" id=\"el-6fc305ae\" data-vce-do-apply=\"all el-6fc305ae\"><ul class=\"section-imprimir\"><br> \t<li class=\"share-print\" role=\"presentation\"><a title=\"Imprimir\" href=\"javascript:window.print(); void 0;\"><span class=\"fa fa-print fa-2x\" aria-hidden=\"true\"><\/span><span class=\"hidden\">Imprimir<\/span><\/a><\/li><br><\/ul><\/div><\/div><\/div><\/div><\/div><div class=\"vce-col vce-col--md-auto vce-col--xs-1 vce-col--xs-last vce-col--xs-first vce-col--sm-last vce-col--sm-first vce-col--md-last vce-col--lg-last vce-col--xl-last\" id=\"el-95788861\"><div class=\"vce-col-inner\" data-vce-do-apply=\"border margin background  el-95788861\"><div class=\"vce-col-content\" data-vce-element-content=\"true\" data-vce-do-apply=\"padding el-95788861\"><div class=\"vce-text-block\"><div class=\"vce-text-block-wrapper vce\" id=\"el-9d810552\" data-vce-do-apply=\"all el-9d810552\"><div class=\"section-count\">N\u00famero de visitas a esta p\u00e1gina 0<br>Fecha de publicaci\u00f3n 14 mayo, 2024<br>\u00daltima modificaci\u00f3n 1 noviembre, 2025<\/div><\/div><\/div><\/div><\/div><\/div><\/div><\/div><\/div>\n","protected":false},"excerpt":{"rendered":"<p>Inicio Prensa Noticias Exposici\u00f3n de proyectos y planes que desarrolla el \u00c1rea Metropolitana Director del AMC se re\u00fane con el Alcalde de C\u00facuta y varios de sus secretarios de despacho&nbsp;El Director del AMC, Juan Carlos Soto Cote se reuni\u00f3 con el Alcalde de C\u00facuta, Jorge Enrique Acevedo Pe\u00f1aloza, para exponer y conversar sobre los proyectos&hellip; <a class=\"more-link\" href=\"https:\/\/amc.gov.co\/amc\/exposicion-de-proyectos-y-planes-que-desarrolla-el-area-metropolitana-con-el-municipio\/\">Seguir leyendo <span class=\"screen-reader-text\">Exposici\u00f3n de proyectos y planes que desarrolla el \u00c1rea Metropolitana con el municipio<\/span><\/a><\/p>\n","protected":false},"author":3,"featured_media":14041,"comment_status":"closed","ping_status":"closed","sticky":false,"template":"","format":"image","meta":{"footnotes":"","_joinchat":[]},"categories":[11,20],"tags":[],"_links":{"self":[{"href":"https:\/\/amc.gov.co\/amc\/wp-json\/wp\/v2\/posts\/14040"}],"collection":[{"href":"https:\/\/amc.gov.co\/amc\/wp-json\/wp\/v2\/posts"}],"about":[{"href":"https:\/\/amc.gov.co\/amc\/wp-json\/wp\/v2\/types\/post"}],"author":[{"embeddable":true,"href":"https:\/\/amc.gov.co\/amc\/wp-json\/wp\/v2\/users\/3"}],"replies":[{"embeddable":true,"href":"https:\/\/amc.gov.co\/amc\/wp-json\/wp\/v2\/comments?post=14040"}],"version-history":[{"count":5,"href":"https:\/\/amc.gov.co\/amc\/wp-json\/wp\/v2\/posts\/14040\/revisions"}],"predecessor-version":[{"id":16536,"href":"https:\/\/amc.gov.co\/amc\/wp-json\/wp\/v2\/posts\/14040\/revisions\/16536"}],"wp:featuredmedia":[{"embeddable":true,"href":"https:\/\/amc.gov.co\/amc\/wp-json\/wp\/v2\/media\/14041"}],"wp:attachment":[{"href":"https:\/\/amc.gov.co\/amc\/wp-json\/wp\/v2\/media?parent=14040"}],"wp:term":[{"taxonomy":"category","embeddable":true,"href":"https:\/\/amc.gov.co\/amc\/wp-json\/wp\/v2\/categories?post=14040"},{"taxonomy":"post_tag","embeddable":true,"href":"https:\/\/amc.gov.co\/amc\/wp-json\/wp\/v2\/tags?post=14040"}],"curies":[{"name":"wp","href":"https:\/\/api.w.org\/{rel}","templated":true}]}}