{"id":13858,"date":"2024-04-05T08:21:03","date_gmt":"2024-04-05T13:21:03","guid":{"rendered":"https:\/\/amc.gov.co\/amc\/?p=13858"},"modified":"2025-11-01T15:05:50","modified_gmt":"2025-11-01T20:05:50","slug":"mesas-de-trabajo-con-los-gremios-de-transporte-publico","status":"publish","type":"post","link":"https:\/\/amc.gov.co\/amc\/mesas-de-trabajo-con-los-gremios-de-transporte-publico\/","title":{"rendered":"Mesas de trabajo con los gremios de transporte p\u00fablico"},"content":{"rendered":"\r\n<div class=\"vce-row-container\">\r\n<div id=\"el-d987a71b\" class=\"vce-row vce-row--col-gap-30 vce-row-equal-height vce-row-content--middle\" data-vce-full-width=\"true\" data-vce-stretch-content=\"true\" data-vce-do-apply=\"all el-d987a71b\">\r\n<div class=\"vce-content-background-container\"><\/div>\r\n<div class=\"vce-row-content\" data-vce-element-content=\"true\">\r\n\r\n\r\n<div id=\"el-31823185\" class=\"vce-col vce-col--md-auto vce-col--xs-1 vce-col--xs-last vce-col--xs-first vce-col--sm-last vce-col--sm-first vce-col--md-last vce-col--lg-last vce-col--xl-last vce-col--md-first vce-col--lg-first vce-col--xl-first\">\r\n<div class=\"vce-col-inner\" data-vce-do-apply=\"border margin background el-31823185\">\r\n<div class=\"vce-col-content\" data-vce-element-content=\"true\" data-vce-do-apply=\"padding el-31823185\">\r\n\r\n\r\n<div class=\"vce-text-block\">\r\n<div id=\"el-ad50d47e\" class=\"vce-text-block-wrapper vce\" data-vce-do-apply=\"all el-ad50d47e\"><nav aria-label=\"breadcrumb\">\r\n<ol class=\"breadcrumb gov-co-breadcrumb\">\r\n \t<li style=\"list-style-type: none;\">\r\n<ol class=\"breadcrumb gov-co-breadcrumb\">\r\n \t<li class=\"breadcrumb-item\"><a href=\"https:\/\/amc.gov.co\/amc\/\"><i class=\"fas fa-home\"><\/i> Inicio <\/a><\/li>\r\n<\/ol>\r\n<\/li>\r\n<\/ol>\r\n&nbsp;\r\n<ol class=\"breadcrumb gov-co-breadcrumb\">\r\n \t<li style=\"list-style-type: none;\">\r\n<ol class=\"breadcrumb gov-co-breadcrumb\">\r\n \t<li class=\"breadcrumb-item active\" aria-current=\"page\"><a href=\"https:\/\/amc.gov.co\/amc\/?page_id=9241\/\"> Prensa <\/a><\/li>\r\n<\/ol>\r\n<\/li>\r\n<\/ol>\r\n&nbsp;\r\n<ol class=\"breadcrumb gov-co-breadcrumb\">\r\n \t<li style=\"list-style-type: none;\">\r\n<ol class=\"breadcrumb gov-co-breadcrumb\">\r\n \t<li class=\"breadcrumb-item active\" aria-current=\"page\"><a href=\"https:\/\/amc.gov.co\/amc\/noticias\/\">Noticias<\/a><\/li>\r\n<\/ol>\r\n<\/li>\r\n<\/ol>\r\n&nbsp;\r\n<ol class=\"breadcrumb gov-co-breadcrumb\">\r\n \t<li style=\"list-style-type: none;\">\r\n<ol class=\"breadcrumb gov-co-breadcrumb\">\r\n \t<li class=\"breadcrumb-item active\" aria-current=\"page\"><a href=\"https:\/\/amc.gov.co\/amc\/mesas-de-trabajo-con-los-gremios-de-transporte-publico\/\"> Mesas de trabajo con los gremios de transporte p\u00fablico <\/a><\/li>\r\n<\/ol>\r\n<\/li>\r\n<\/ol>\r\n&nbsp;\r\n\r\n&nbsp;\r\n\r\n<\/nav><\/div>\r\n<\/div>\r\n\r\n<div class=\"vce-text-block\">\r\n<div id=\"el-b7449bda\" class=\"vce-text-block-wrapper vce\" data-vce-do-apply=\"all el-b7449bda\">\r\n<p style=\"text-align: center;\"><strong><span style=\"font-family: Montserrat; font-size: 24pt;\">Mesas de trabajo con los gremios de transporte p\u00fablico<\/span><\/strong><\/p>\r\n<img loading=\"lazy\" decoding=\"async\" class=\"alignleft wp-image-13856\" src=\"https:\/\/amc.gov.co\/amc\/wp-content\/uploads\/2024\/04\/Director-del-AMC-organiza-mesas-de-trabajo-con-los-gremios-de-transporte-publico.jpg\" alt=\"Director del AMC organiza mesas de trabajo con los gremios de transporte p\u00fablico\" width=\"350\" height=\"467\" srcset=\"https:\/\/amc.gov.co\/amc\/wp-content\/uploads\/2024\/04\/Director-del-AMC-organiza-mesas-de-trabajo-con-los-gremios-de-transporte-publico.jpg 1200w, https:\/\/amc.gov.co\/amc\/wp-content\/uploads\/2024\/04\/Director-del-AMC-organiza-mesas-de-trabajo-con-los-gremios-de-transporte-publico-768x1024.jpg 768w, https:\/\/amc.gov.co\/amc\/wp-content\/uploads\/2024\/04\/Director-del-AMC-organiza-mesas-de-trabajo-con-los-gremios-de-transporte-publico-1152x1536.jpg 1152w, https:\/\/amc.gov.co\/amc\/wp-content\/uploads\/2024\/04\/Director-del-AMC-organiza-mesas-de-trabajo-con-los-gremios-de-transporte-publico-320x427.jpg 320w, https:\/\/amc.gov.co\/amc\/wp-content\/uploads\/2024\/04\/Director-del-AMC-organiza-mesas-de-trabajo-con-los-gremios-de-transporte-publico-480x640.jpg 480w, https:\/\/amc.gov.co\/amc\/wp-content\/uploads\/2024\/04\/Director-del-AMC-organiza-mesas-de-trabajo-con-los-gremios-de-transporte-publico-800x1067.jpg 800w\" sizes=\"(max-width: 350px) 100vw, 350px\" \/>\r\n\r\nDirector del AMC organiza mesas de trabajo con los gremios de transporte p\u00fablico individual y colectivo de los municipios metropolitanos.\r\n\r\nEl Director del AMC, Juan Carlos Soto Cote, se reuni\u00f3 con las empresas de transporte p\u00fablico individual y colectivo que prestan el servicio en C\u00facuta y sus municipios metropolitanos.\r\n\r\nLas mesas de trabajo, fueron orientadas por el Doctor Soto, bajo la modalidad de conversatorio. En un primer tiempo asisti\u00f3 el gremio taxista y en un segundo tiempo particip\u00f3 el gremio de colectivos.\r\n\r\nEste espacio fue una oportunidad para que los transportadores del AMC manifestaran sus preocupaciones al Director y, a su vez, el les compartiera las acciones que la entidad adelanta en pro del transporte p\u00fablico individual y colectivo de los municipios del AMC.\r\n\r\nEl Director Juan Carlos Soto expres\u00f3 sus saludos amistosos a las dos agremiaciones y les manifest\u00f3 que es una prioridad para \u00e9l, el trabajo mancomunado en aras de fortalecer el gremio y ofrecer, gradualmente, un servicio de transporte satisfactorio.\r\n\r\n<\/div>\r\n<\/div>\r\n\r\n<div id=\"el-ee0da7de\" class=\"vce vce-separator-container vce-separator--align-center vce-separator--style-solid\" data-vce-do-apply=\"margin el-ee0da7de\">\r\n<div class=\"vce-separator vce-separator--color-bfc0c1 vce-separator--width-90 vce-separator--thickness-3\" data-vce-do-apply=\"border padding background el-ee0da7de\"><\/div>\r\n<\/div>\r\n\r\n<div class=\"vce-image-gallery vce-image-gallery--gap-10 vce-image-gallery--columns-3\">\r\n<div id=\"el-2ae7ea4a\" class=\"vce-image-gallery-wrapper vce\" data-vce-do-apply=\"all el-2ae7ea4a\">\r\n<div class=\"vce-image-gallery-list\">\r\n<div class=\"vce-image-gallery-item\">\r\n<figure class=\"vce-image-gallery-item-inner-wrapper\"><a class=\"vce-image-gallery-item-inner\" href=\"https:\/\/amc.gov.co\/amc\/wp-content\/uploads\/2024\/04\/Empresas-de-Transporte-en-mesa-de-trabajo-con-el-Area-Metropolitana-de-Cucuta.jpg\" data-lightbox=\"lightbox-2ae7ea4a\"><img decoding=\"async\" class=\"vce-image-gallery-img\" title=\"Empresas de Transporte en mesa de trabajo con el \u00c1rea Metropolitana de C\u00facuta\" src=\"https:\/\/amc.gov.co\/amc\/wp-content\/uploads\/2024\/04\/Empresas-de-Transporte-en-mesa-de-trabajo-con-el-Area-Metropolitana-de-Cucuta.jpg\" alt=\"Empresas de Transporte en mesa de trabajo con el \u00c1rea Metropolitana de C\u00facuta\" \/><\/a><\/figure>\r\n<\/div>\r\n<div class=\"vce-image-gallery-item\">\r\n<figure class=\"vce-image-gallery-item-inner-wrapper\"><a class=\"vce-image-gallery-item-inner\" href=\"https:\/\/amc.gov.co\/amc\/wp-content\/uploads\/2024\/04\/Director-del-AMC-organiza-mesas-de-trabajo-con-los-gremios-de-transporte-publico-individual-y-colectivo-.jpg\" data-lightbox=\"lightbox-2ae7ea4a\"><img decoding=\"async\" class=\"vce-image-gallery-img\" title=\"Director del AMC organiza mesas de trabajo con los gremios de transporte p\u00fablico individual y colectivo\" src=\"https:\/\/amc.gov.co\/amc\/wp-content\/uploads\/2024\/04\/Director-del-AMC-organiza-mesas-de-trabajo-con-los-gremios-de-transporte-publico-individual-y-colectivo-.jpg\" alt=\"Director del AMC organiza mesas de trabajo con los gremios de transporte p\u00fablico individual y colectivo\" \/><\/a><\/figure>\r\n<\/div>\r\n<div class=\"vce-image-gallery-item\">\r\n<figure class=\"vce-image-gallery-item-inner-wrapper\"><a class=\"vce-image-gallery-item-inner\" href=\"https:\/\/amc.gov.co\/amc\/wp-content\/uploads\/2024\/04\/Director-del-AMC-organiza-mesas-de-trabajo-con-los-gremios-de-transporte-publico.jpg\" data-lightbox=\"lightbox-2ae7ea4a\"><img decoding=\"async\" class=\"vce-image-gallery-img vce-image-gallery-img--orientation-portrait\" title=\"Director del AMC organiza mesas de trabajo con los gremios de transporte p\u00fablico\" src=\"https:\/\/amc.gov.co\/amc\/wp-content\/uploads\/2024\/04\/Director-del-AMC-organiza-mesas-de-trabajo-con-los-gremios-de-transporte-publico.jpg\" alt=\"Director del AMC organiza mesas de trabajo con los gremios de transporte p\u00fablico\" \/><\/a><\/figure>\r\n<\/div>\r\n<\/div>\r\n<\/div>\r\n<\/div>\r\n\r\n\r\n<\/div>\r\n<\/div>\r\n<\/div>\r\n\r\n\r\n<\/div>\r\n<\/div>\r\n<\/div>\r\n\r\n<div class=\"vce-row-container\">\r\n<div id=\"el-0e3776c0\" class=\"vce-row vce-element--has-background vce-row--col-gap-30 vce-row-content--top\" data-vce-full-width=\"true\" data-vce-stretch-content=\"true\" data-vce-do-apply=\"all el-0e3776c0\">\r\n<div class=\"vce-content-background-container\">\r\n<div class=\"vce-asset-background-simple-container vce-visible-all-only vce-asset-background-simple--style-cover vce-asset-background-simple--position-center-top\">\r\n<div class=\"vce-asset-background-simple\">\r\n<div class=\"vce-asset-background-simple-item vcv-lozad\" data-background-image=\"https:\/\/www.aunap.gov.co\/wp-content\/uploads\/2021\/08\/fondo-contadores.png\"><\/div>\r\n<noscript>\r\n<div class=\"vce-asset-background-simple-item\" style=\"background-image: url(https:\/\/www.aunap.gov.co\/wp-content\/uploads\/2021\/08\/fondo-contadores.png)\"><\/div>\r\n<\/noscript>\r\n\r\n<\/div>\r\n<\/div>\r\n<\/div>\r\n<div class=\"vce-row-content\" data-vce-element-content=\"true\">\r\n\r\n\r\n<div id=\"el-cd49dd9d\" class=\"vce-col vce-col--md-auto vce-col--xs-1 vce-col--xs-last vce-col--xs-first vce-col--sm-last vce-col--sm-first vce-col--md-first vce-col--lg-first vce-col--xl-first\">\r\n<div class=\"vce-col-inner\" data-vce-do-apply=\"border margin background el-cd49dd9d\">\r\n<div class=\"vce-col-content\" data-vce-element-content=\"true\" data-vce-do-apply=\"padding el-cd49dd9d\">\r\n\r\n\r\n<div class=\"vce-text-block\">\r\n<div id=\"el-6fc305ae\" class=\"vce-text-block-wrapper vce\" data-vce-do-apply=\"all el-6fc305ae\">\r\n<ul class=\"section-imprimir\">\r\n \t<li style=\"list-style-type: none;\">\r\n<ul class=\"section-imprimir\">\r\n \t<li class=\"share-print\" role=\"presentation\"><a title=\"Imprimir\"><span class=\"hidden\">Imprimir<\/span><\/a><\/li>\r\n<\/ul>\r\n<\/li>\r\n<\/ul>\r\n&nbsp;\r\n\r\n<\/div>\r\n<\/div>\r\n\r\n\r\n<\/div>\r\n<\/div>\r\n<\/div>\r\n\r\n<div id=\"el-95788861\" class=\"vce-col vce-col--md-auto vce-col--xs-1 vce-col--xs-last vce-col--xs-first vce-col--sm-last vce-col--sm-first vce-col--md-last vce-col--lg-last vce-col--xl-last\">\r\n<div class=\"vce-col-inner\" data-vce-do-apply=\"border margin background el-95788861\">\r\n<div class=\"vce-col-content\" data-vce-element-content=\"true\" data-vce-do-apply=\"padding el-95788861\">\r\n\r\n\r\n<div class=\"vce-text-block\">\r\n<div id=\"el-9d810552\" class=\"vce-text-block-wrapper vce\" data-vce-do-apply=\"all el-9d810552\">\r\n<div class=\"section-count\">N\u00famero de visitas a esta p\u00e1gina 0\r\nFecha de publicaci\u00f3n 5 abril, 2024\r\n\u00daltima modificaci\u00f3n 1 noviembre, 2025<\/div>\r\n<\/div>\r\n<\/div>\r\n\r\n\r\n<\/div>\r\n<\/div>\r\n<\/div>\r\n\r\n\r\n<\/div>\r\n<\/div>\r\n<\/div>\r\n\n","protected":false},"excerpt":{"rendered":"<p>Inicio &nbsp; Prensa &nbsp; Noticias &nbsp; Mesas de trabajo con los gremios de transporte p\u00fablico &nbsp; &nbsp; Mesas de trabajo con los gremios de transporte p\u00fablico Director del AMC organiza mesas de trabajo con los gremios de transporte p\u00fablico individual y colectivo de los municipios metropolitanos. El Director del AMC, Juan Carlos Soto Cote, se&hellip; <a class=\"more-link\" href=\"https:\/\/amc.gov.co\/amc\/mesas-de-trabajo-con-los-gremios-de-transporte-publico\/\">Seguir leyendo <span class=\"screen-reader-text\">Mesas de trabajo con los gremios de transporte p\u00fablico<\/span><\/a><\/p>\n","protected":false},"author":3,"featured_media":13857,"comment_status":"closed","ping_status":"closed","sticky":false,"template":"","format":"image","meta":{"footnotes":"","_joinchat":[]},"categories":[11,20],"tags":[],"_links":{"self":[{"href":"https:\/\/amc.gov.co\/amc\/wp-json\/wp\/v2\/posts\/13858"}],"collection":[{"href":"https:\/\/amc.gov.co\/amc\/wp-json\/wp\/v2\/posts"}],"about":[{"href":"https:\/\/amc.gov.co\/amc\/wp-json\/wp\/v2\/types\/post"}],"author":[{"embeddable":true,"href":"https:\/\/amc.gov.co\/amc\/wp-json\/wp\/v2\/users\/3"}],"replies":[{"embeddable":true,"href":"https:\/\/amc.gov.co\/amc\/wp-json\/wp\/v2\/comments?post=13858"}],"version-history":[{"count":6,"href":"https:\/\/amc.gov.co\/amc\/wp-json\/wp\/v2\/posts\/13858\/revisions"}],"predecessor-version":[{"id":16544,"href":"https:\/\/amc.gov.co\/amc\/wp-json\/wp\/v2\/posts\/13858\/revisions\/16544"}],"wp:featuredmedia":[{"embeddable":true,"href":"https:\/\/amc.gov.co\/amc\/wp-json\/wp\/v2\/media\/13857"}],"wp:attachment":[{"href":"https:\/\/amc.gov.co\/amc\/wp-json\/wp\/v2\/media?parent=13858"}],"wp:term":[{"taxonomy":"category","embeddable":true,"href":"https:\/\/amc.gov.co\/amc\/wp-json\/wp\/v2\/categories?post=13858"},{"taxonomy":"post_tag","embeddable":true,"href":"https:\/\/amc.gov.co\/amc\/wp-json\/wp\/v2\/tags?post=13858"}],"curies":[{"name":"wp","href":"https:\/\/api.w.org\/{rel}","templated":true}]}}