{"id":13838,"date":"2024-04-02T17:54:00","date_gmt":"2024-04-02T22:54:00","guid":{"rendered":"https:\/\/amc.gov.co\/amc\/?p=13838"},"modified":"2025-11-01T15:06:04","modified_gmt":"2025-11-01T20:06:04","slug":"el-amc-visito-puerto-santander-para-celebrar-su-trigesimo-aniversario","status":"publish","type":"post","link":"https:\/\/amc.gov.co\/amc\/el-amc-visito-puerto-santander-para-celebrar-su-trigesimo-aniversario\/","title":{"rendered":"El AMC visit\u00f3 Puerto Santander para celebrar su trig\u00e9simo aniversario"},"content":{"rendered":"\r\n<div class=\"vce-row-container\">\r\n<div id=\"el-d987a71b\" class=\"vce-row vce-row--col-gap-30 vce-row-equal-height vce-row-content--middle\" data-vce-full-width=\"true\" data-vce-stretch-content=\"true\" data-vce-do-apply=\"all el-d987a71b\">\r\n<div class=\"vce-content-background-container\"><\/div>\r\n<div class=\"vce-row-content\" data-vce-element-content=\"true\">\r\n\r\n\r\n<div id=\"el-31823185\" class=\"vce-col vce-col--md-auto vce-col--xs-1 vce-col--xs-last vce-col--xs-first vce-col--sm-last vce-col--sm-first vce-col--md-last vce-col--lg-last vce-col--xl-last vce-col--md-first vce-col--lg-first vce-col--xl-first\">\r\n<div class=\"vce-col-inner\" data-vce-do-apply=\"border margin background el-31823185\">\r\n<div class=\"vce-col-content\" data-vce-element-content=\"true\" data-vce-do-apply=\"padding el-31823185\">\r\n\r\n\r\n<div class=\"vce-text-block\">\r\n<div id=\"el-ad50d47e\" class=\"vce-text-block-wrapper vce\" data-vce-do-apply=\"all el-ad50d47e\"><nav aria-label=\"breadcrumb\">\r\n<ol class=\"breadcrumb gov-co-breadcrumb\">\r\n \t<li style=\"list-style-type: none;\">\r\n<ol class=\"breadcrumb gov-co-breadcrumb\">\r\n \t<li class=\"breadcrumb-item\"><a href=\"https:\/\/amc.gov.co\/amc\/\"><i class=\"fas fa-home\"><\/i> Inicio <\/a><\/li>\r\n<\/ol>\r\n<\/li>\r\n<\/ol>\r\n&nbsp;\r\n<ol class=\"breadcrumb gov-co-breadcrumb\">\r\n \t<li style=\"list-style-type: none;\">\r\n<ol class=\"breadcrumb gov-co-breadcrumb\">\r\n \t<li class=\"breadcrumb-item active\" aria-current=\"page\"><a href=\"https:\/\/amc.gov.co\/amc\/?page_id=9241\/\"> Prensa <\/a><\/li>\r\n<\/ol>\r\n<\/li>\r\n<\/ol>\r\n&nbsp;\r\n<ol class=\"breadcrumb gov-co-breadcrumb\">\r\n \t<li style=\"list-style-type: none;\">\r\n<ol class=\"breadcrumb gov-co-breadcrumb\">\r\n \t<li class=\"breadcrumb-item active\" aria-current=\"page\"><a href=\"https:\/\/amc.gov.co\/amc\/noticias\/\">Noticias<\/a><\/li>\r\n<\/ol>\r\n<\/li>\r\n<\/ol>\r\n&nbsp;\r\n<ol class=\"breadcrumb gov-co-breadcrumb\">\r\n \t<li style=\"list-style-type: none;\">\r\n<ol class=\"breadcrumb gov-co-breadcrumb\">\r\n \t<li class=\"breadcrumb-item active\" aria-current=\"page\"><a href=\"https:\/\/amc.gov.co\/amc\/el-amc-visito-puerto-santander-para-celebrar-su-trigesimo-aniversario\/\"> Celebraci\u00f3n trig\u00e9simo aniversario Puerto Santander <\/a><\/li>\r\n<\/ol>\r\n<\/li>\r\n<\/ol>\r\n&nbsp;\r\n\r\n&nbsp;\r\n\r\n<\/nav><\/div>\r\n<\/div>\r\n\r\n<div class=\"vce-text-block\">\r\n<div id=\"el-b7449bda\" class=\"vce-text-block-wrapper vce\" data-vce-do-apply=\"all el-b7449bda\">\r\n<p style=\"text-align: center;\"><strong><span style=\"font-family: Montserrat; font-size: 24pt;\">El AMC visit\u00f3 Puerto Santander para celebrar su trig\u00e9simo aniversario<\/span><\/strong><\/p>\r\n&nbsp;\r\n<p style=\"text-align: center;\">\r\n<img loading=\"lazy\" decoding=\"async\" class=\"alignleft wp-image-13844\" src=\"https:\/\/amc.gov.co\/amc\/wp-content\/uploads\/2024\/04\/Trigesimo-aniversario-Puerto-Santander.jpg\" alt=\"Trig\u00e9simo aniversario Puerto Santander\" width=\"315\" height=\"420\" srcset=\"https:\/\/amc.gov.co\/amc\/wp-content\/uploads\/2024\/04\/Trigesimo-aniversario-Puerto-Santander.jpg 960w, https:\/\/amc.gov.co\/amc\/wp-content\/uploads\/2024\/04\/Trigesimo-aniversario-Puerto-Santander-768x1024.jpg 768w, https:\/\/amc.gov.co\/amc\/wp-content\/uploads\/2024\/04\/Trigesimo-aniversario-Puerto-Santander-320x427.jpg 320w, https:\/\/amc.gov.co\/amc\/wp-content\/uploads\/2024\/04\/Trigesimo-aniversario-Puerto-Santander-480x640.jpg 480w, https:\/\/amc.gov.co\/amc\/wp-content\/uploads\/2024\/04\/Trigesimo-aniversario-Puerto-Santander-800x1067.jpg 800w\" sizes=\"(max-width: 315px) 100vw, 315px\" \/><\/p>\r\nRepresentando al Director Juan Carlos Soto, Camilo G\u00f3mez subdirector de proyectos, acompa\u00f1\u00f3 a la Alcaldesa Teresa G\u00f3mez en los actos protocolarios de conmemoraci\u00f3n.\r\n\r\nCon m\u00fasica, bailes folcl\u00f3ricos, desfiles y ofrendas florales, Puerto Santander conmemor\u00f3 sus treinta a\u00f1os como municipio. Este municipio fronterizo, se convirti\u00f3 en corregimiento en 1947 y, en 1993, por ordenanza departamental se declar\u00f3 municipio para empezar a funcionar administrativamente el 1 de abril de 1994.\r\n\r\nLa alcaldesa Teresa G\u00f3mez comparti\u00f3 con los porte\u00f1os sus planes para el municipio durante su cuatrienio, destacando, la importancia de actualizar el Puente La Uni\u00f3n, el refugio para los animales y el hospicio para los ancianos. As\u00ed mismo, agradeci\u00f3 al \u00c1rea Metropolitana de C\u00facuta su cooperaci\u00f3n en los proyectos de desarrollo municipal.\r\n\r\nEste importante municipio fronterizo forma parte de la cuenca mayor del R\u00edo Zulia, donde por el lado colombiano colindan los r\u00edos Pamplonita y Zulia y hacia Venezuela est\u00e1n los r\u00edos Grita y Guaramito. Su ubicaci\u00f3n geogr\u00e1fica, permiti\u00f3 que en el siglo XX fuera un eje de comercio determinante, al ser una poblaci\u00f3n de tr\u00e1nsito entre las dos naciones, a tal punto que se cree que su nombre es en raz\u00f3n a que Francisco de Paula Santander pas\u00f3 por all\u00ed.\r\n\r\nCamilo G\u00f3mez, subdirector de proyectos, entreg\u00f3 la ofrenda floral al municipio, asisti\u00f3 con alegr\u00eda al evento y disfrut\u00f3 las distintas muestras culturales. Por su parte, el Doctor Juan Carlos Soto resalt\u00f3 la val\u00eda del municipio, enviando gratos y deferentes saludos al municipio.\r\n\r\n<\/div>\r\n<\/div>\r\n\r\n<div id=\"el-ee0da7de\" class=\"vce vce-separator-container vce-separator--align-center vce-separator--style-solid\" data-vce-do-apply=\"margin el-ee0da7de\">\r\n<div class=\"vce-separator vce-separator--color-bfc0c1 vce-separator--width-90 vce-separator--thickness-3\" data-vce-do-apply=\"border padding background el-ee0da7de\"><\/div>\r\n<\/div>\r\n\r\n<div class=\"vce-image-gallery vce-image-gallery--gap-10 vce-image-gallery--columns-3\">\r\n<div id=\"el-2ae7ea4a\" class=\"vce-image-gallery-wrapper vce\" data-vce-do-apply=\"all el-2ae7ea4a\">\r\n<div class=\"vce-image-gallery-list\">\r\n<div class=\"vce-image-gallery-item\">\r\n<figure class=\"vce-image-gallery-item-inner-wrapper\"><a class=\"vce-image-gallery-item-inner\" href=\"https:\/\/amc.gov.co\/amc\/wp-content\/uploads\/2024\/04\/Celebracion-trigesimo-aniversario-Puerto-Santander.jpg\" data-lightbox=\"lightbox-2ae7ea4a\"><img decoding=\"async\" class=\"vce-image-gallery-img\" title=\"Celebraci\u00f3n trig\u00e9simo aniversario Puerto Santander\" src=\"https:\/\/amc.gov.co\/amc\/wp-content\/uploads\/2024\/04\/Celebracion-trigesimo-aniversario-Puerto-Santander.jpg\" alt=\"Celebraci\u00f3n trig\u00e9simo aniversario Puerto Santander\" \/><\/a><\/figure>\r\n<\/div>\r\n<div class=\"vce-image-gallery-item\">\r\n<figure class=\"vce-image-gallery-item-inner-wrapper\"><a class=\"vce-image-gallery-item-inner\" href=\"https:\/\/amc.gov.co\/amc\/wp-content\/uploads\/2024\/04\/Camilo-Gomez-Subdirector-de-proyectos-AMC.jpg\" data-lightbox=\"lightbox-2ae7ea4a\"><img decoding=\"async\" class=\"vce-image-gallery-img vce-image-gallery-img--orientation-portrait\" title=\"Camilo G\u00f3mez - Subdirector de proyectos AMC\" src=\"https:\/\/amc.gov.co\/amc\/wp-content\/uploads\/2024\/04\/Camilo-Gomez-Subdirector-de-proyectos-AMC.jpg\" alt=\"\" \/><\/a><\/figure>\r\n<\/div>\r\n<div class=\"vce-image-gallery-item\">\r\n<figure class=\"vce-image-gallery-item-inner-wrapper\"><a class=\"vce-image-gallery-item-inner\" href=\"https:\/\/amc.gov.co\/amc\/wp-content\/uploads\/2024\/04\/Camilo-Gomez-Subdirector-de-proyectos-entrega-ofrenda-floral-al-municipio.jpg\" data-lightbox=\"lightbox-2ae7ea4a\"><img decoding=\"async\" class=\"vce-image-gallery-img vce-image-gallery-img--orientation-portrait\" title=\"Camilo G\u00f3mez - Subdirector de proyectos - entrega ofrenda floral al municipio\" src=\"https:\/\/amc.gov.co\/amc\/wp-content\/uploads\/2024\/04\/Camilo-Gomez-Subdirector-de-proyectos-entrega-ofrenda-floral-al-municipio.jpg\" alt=\"\" \/><\/a><\/figure>\r\n<\/div>\r\n<\/div>\r\n<\/div>\r\n<\/div>\r\n\r\n\r\n<\/div>\r\n<\/div>\r\n<\/div>\r\n\r\n\r\n<\/div>\r\n<\/div>\r\n<\/div>\r\n\r\n<div class=\"vce-row-container\">\r\n<div id=\"el-0e3776c0\" class=\"vce-row vce-element--has-background vce-row--col-gap-30 vce-row-content--top\" data-vce-full-width=\"true\" data-vce-stretch-content=\"true\" data-vce-do-apply=\"all el-0e3776c0\">\r\n<div class=\"vce-content-background-container\">\r\n<div class=\"vce-asset-background-simple-container vce-visible-all-only vce-asset-background-simple--style-cover vce-asset-background-simple--position-center-top\">\r\n<div class=\"vce-asset-background-simple\">\r\n<div class=\"vce-asset-background-simple-item vcv-lozad\" data-background-image=\"https:\/\/www.aunap.gov.co\/wp-content\/uploads\/2021\/08\/fondo-contadores.png\"><\/div>\r\n<noscript>\r\n<div class=\"vce-asset-background-simple-item\" style=\"background-image: url(https:\/\/www.aunap.gov.co\/wp-content\/uploads\/2021\/08\/fondo-contadores.png)\"><\/div>\r\n<\/noscript>\r\n\r\n<\/div>\r\n<\/div>\r\n<\/div>\r\n<div class=\"vce-row-content\" data-vce-element-content=\"true\">\r\n\r\n\r\n<div id=\"el-cd49dd9d\" class=\"vce-col vce-col--md-auto vce-col--xs-1 vce-col--xs-last vce-col--xs-first vce-col--sm-last vce-col--sm-first vce-col--md-first vce-col--lg-first vce-col--xl-first\">\r\n<div class=\"vce-col-inner\" data-vce-do-apply=\"border margin background el-cd49dd9d\">\r\n<div class=\"vce-col-content\" data-vce-element-content=\"true\" data-vce-do-apply=\"padding el-cd49dd9d\">\r\n\r\n\r\n<div class=\"vce-text-block\">\r\n<div id=\"el-6fc305ae\" class=\"vce-text-block-wrapper vce\" data-vce-do-apply=\"all el-6fc305ae\">\r\n<ul class=\"section-imprimir\">\r\n \t<li style=\"list-style-type: none;\">\r\n<ul class=\"section-imprimir\">\r\n \t<li class=\"share-print\" role=\"presentation\"><a title=\"Imprimir\"><span class=\"hidden\">Imprimir<\/span><\/a><\/li>\r\n<\/ul>\r\n<\/li>\r\n<\/ul>\r\n&nbsp;\r\n\r\n<\/div>\r\n<\/div>\r\n\r\n\r\n<\/div>\r\n<\/div>\r\n<\/div>\r\n\r\n<div id=\"el-95788861\" class=\"vce-col vce-col--md-auto vce-col--xs-1 vce-col--xs-last vce-col--xs-first vce-col--sm-last vce-col--sm-first vce-col--md-last vce-col--lg-last vce-col--xl-last\">\r\n<div class=\"vce-col-inner\" data-vce-do-apply=\"border margin background el-95788861\">\r\n<div class=\"vce-col-content\" data-vce-element-content=\"true\" data-vce-do-apply=\"padding el-95788861\">\r\n\r\n\r\n<div class=\"vce-text-block\">\r\n<div id=\"el-9d810552\" class=\"vce-text-block-wrapper vce\" data-vce-do-apply=\"all el-9d810552\">\r\n<div class=\"section-count\">N\u00famero de visitas a esta p\u00e1gina 0\r\nFecha de publicaci\u00f3n 2 abril, 2024\r\n\u00daltima modificaci\u00f3n 1 noviembre, 2025<\/div>\r\n<\/div>\r\n<\/div>\r\n\r\n\r\n<\/div>\r\n<\/div>\r\n<\/div>\r\n\r\n\r\n<\/div>\r\n<\/div>\r\n<\/div>\r\n\n","protected":false},"excerpt":{"rendered":"<p>Inicio &nbsp; Prensa &nbsp; Noticias &nbsp; Celebraci\u00f3n trig\u00e9simo aniversario Puerto Santander &nbsp; &nbsp; El AMC visit\u00f3 Puerto Santander para celebrar su trig\u00e9simo aniversario &nbsp; Representando al Director Juan Carlos Soto, Camilo G\u00f3mez subdirector de proyectos, acompa\u00f1\u00f3 a la Alcaldesa Teresa G\u00f3mez en los actos protocolarios de conmemoraci\u00f3n. Con m\u00fasica, bailes folcl\u00f3ricos, desfiles y ofrendas florales,&hellip; <a class=\"more-link\" href=\"https:\/\/amc.gov.co\/amc\/el-amc-visito-puerto-santander-para-celebrar-su-trigesimo-aniversario\/\">Seguir leyendo <span class=\"screen-reader-text\">El AMC visit\u00f3 Puerto Santander para celebrar su trig\u00e9simo aniversario<\/span><\/a><\/p>\n","protected":false},"author":3,"featured_media":13843,"comment_status":"closed","ping_status":"closed","sticky":false,"template":"","format":"image","meta":{"footnotes":"","_joinchat":[]},"categories":[11,20],"tags":[],"_links":{"self":[{"href":"https:\/\/amc.gov.co\/amc\/wp-json\/wp\/v2\/posts\/13838"}],"collection":[{"href":"https:\/\/amc.gov.co\/amc\/wp-json\/wp\/v2\/posts"}],"about":[{"href":"https:\/\/amc.gov.co\/amc\/wp-json\/wp\/v2\/types\/post"}],"author":[{"embeddable":true,"href":"https:\/\/amc.gov.co\/amc\/wp-json\/wp\/v2\/users\/3"}],"replies":[{"embeddable":true,"href":"https:\/\/amc.gov.co\/amc\/wp-json\/wp\/v2\/comments?post=13838"}],"version-history":[{"count":11,"href":"https:\/\/amc.gov.co\/amc\/wp-json\/wp\/v2\/posts\/13838\/revisions"}],"predecessor-version":[{"id":16545,"href":"https:\/\/amc.gov.co\/amc\/wp-json\/wp\/v2\/posts\/13838\/revisions\/16545"}],"wp:featuredmedia":[{"embeddable":true,"href":"https:\/\/amc.gov.co\/amc\/wp-json\/wp\/v2\/media\/13843"}],"wp:attachment":[{"href":"https:\/\/amc.gov.co\/amc\/wp-json\/wp\/v2\/media?parent=13838"}],"wp:term":[{"taxonomy":"category","embeddable":true,"href":"https:\/\/amc.gov.co\/amc\/wp-json\/wp\/v2\/categories?post=13838"},{"taxonomy":"post_tag","embeddable":true,"href":"https:\/\/amc.gov.co\/amc\/wp-json\/wp\/v2\/tags?post=13838"}],"curies":[{"name":"wp","href":"https:\/\/api.w.org\/{rel}","templated":true}]}}