{"id":13805,"date":"2024-03-22T16:03:05","date_gmt":"2024-03-22T21:03:05","guid":{"rendered":"https:\/\/amc.gov.co\/amc\/?p=13805"},"modified":"2025-11-01T15:06:20","modified_gmt":"2025-11-01T20:06:20","slug":"prohibicion-de-transportar-animales-silvestre-en-el-transporte-publico","status":"publish","type":"post","link":"https:\/\/amc.gov.co\/amc\/prohibicion-de-transportar-animales-silvestre-en-el-transporte-publico\/","title":{"rendered":"Prohibici\u00f3n de transportar animales silvestre en el transporte p\u00fablico"},"content":{"rendered":"\r\n<div class=\"vce-row-container\">\r\n<div id=\"el-d987a71b\" class=\"vce-row vce-row--col-gap-30 vce-row-equal-height vce-row-content--middle\" data-vce-full-width=\"true\" data-vce-stretch-content=\"true\" data-vce-do-apply=\"all el-d987a71b\">\r\n<div class=\"vce-content-background-container\">\u00a0<\/div>\r\n<div class=\"vce-row-content\" data-vce-element-content=\"true\">\r\n<div id=\"el-31823185\" class=\"vce-col vce-col--md-auto vce-col--xs-1 vce-col--xs-last vce-col--xs-first vce-col--sm-last vce-col--sm-first vce-col--md-last vce-col--lg-last vce-col--xl-last vce-col--md-first vce-col--lg-first vce-col--xl-first\">\r\n<div class=\"vce-col-inner\" data-vce-do-apply=\"border margin background  el-31823185\">\r\n<div class=\"vce-col-content\" data-vce-element-content=\"true\" data-vce-do-apply=\"padding el-31823185\">\r\n<div class=\"vce-text-block\">\r\n<div id=\"el-ad50d47e\" class=\"vce-text-block-wrapper vce\" data-vce-do-apply=\"all el-ad50d47e\"><nav aria-label=\"breadcrumb\"><br \/><br \/>\r\n<ol class=\"breadcrumb gov-co-breadcrumb\">\r\n<li style=\"list-style-type: none;\">\r\n<ol class=\"breadcrumb gov-co-breadcrumb\">\r\n<li class=\"breadcrumb-item\"><a href=\"https:\/\/amc.gov.co\/amc\/\"><i class=\"fas fa-home\"><\/i> Inicio <\/a><\/li>\r\n<\/ol>\r\n<\/li>\r\n<\/ol>\r\n<br \/>\r\n<ol class=\"breadcrumb gov-co-breadcrumb\">\r\n<li style=\"list-style-type: none;\">\r\n<ol class=\"breadcrumb gov-co-breadcrumb\">\r\n<li class=\"breadcrumb-item active\" aria-current=\"page\"><a href=\"https:\/\/amc.gov.co\/amc\/?page_id=9241\/\"> Prensa <\/a><\/li>\r\n<\/ol>\r\n<\/li>\r\n<\/ol>\r\n<br \/>\r\n<ol class=\"breadcrumb gov-co-breadcrumb\">\r\n<li style=\"list-style-type: none;\">\r\n<ol class=\"breadcrumb gov-co-breadcrumb\">\r\n<li class=\"breadcrumb-item active\" aria-current=\"page\"><a href=\"https:\/\/amc.gov.co\/amc\/noticias\/\">Noticias<\/a><\/li>\r\n<\/ol>\r\n<\/li>\r\n<\/ol>\r\n<br \/>\r\n<ol class=\"breadcrumb gov-co-breadcrumb\">\r\n<li style=\"list-style-type: none;\">\r\n<ol class=\"breadcrumb gov-co-breadcrumb\">\r\n<li class=\"breadcrumb-item active\" aria-current=\"page\"><a href=\"https:\/\/amc.gov.co\/amc\/prohibicion-de-transportar-animales-silvestre-en-el-transporte-publico\/\"> Prohibici\u00f3n de transportar animales silvestre en el transporte p\u00fablico <\/a><\/li>\r\n<\/ol>\r\n<\/li>\r\n<\/ol>\r\n<br \/><br \/><\/nav><\/div>\r\n<\/div>\r\n\r\n<div class=\"vce-text-block\">\r\n<div id=\"el-b7449bda\" class=\"vce-text-block-wrapper vce\" data-vce-do-apply=\"all el-b7449bda\">\r\n<p style=\"text-align: center;\"><strong><span style=\"font-family: Montserrat; font-size: 24pt;\">El \u00c1rea Metropolitana de C\u00facuta, d\u00edas antes de Semana Santa, recuerda la prohibici\u00f3n de transportar animales silvestres en el transporte p\u00fablico de los municipios metropolitanos.<\/span><\/strong><\/p>\r\n<p style=\"text-align: center;\"><strong><span style=\"font-family: Montserrat; font-size: 24pt;\">\u00a0<\/span><\/strong><a href=\"https:\/\/amc.gov.co\/amc\/wp-content\/uploads\/2024\/03\/Prohibicion-de-transportar-animales-silvestre-en-el-transporte-publico.jpg\"><img loading=\"lazy\" decoding=\"async\" class=\"alignleft wp-image-13807\" src=\"https:\/\/amc.gov.co\/amc\/wp-content\/uploads\/2024\/03\/Prohibicion-de-transportar-animales-silvestre-en-el-transporte-publico.jpg\" alt=\"Prohibici\u00f3n de transportar animales silvestre en el transporte p\u00fablico\" width=\"480\" height=\"480\" srcset=\"https:\/\/amc.gov.co\/amc\/wp-content\/uploads\/2024\/03\/Prohibicion-de-transportar-animales-silvestre-en-el-transporte-publico.jpg 1080w, https:\/\/amc.gov.co\/amc\/wp-content\/uploads\/2024\/03\/Prohibicion-de-transportar-animales-silvestre-en-el-transporte-publico-768x768.jpg 768w, https:\/\/amc.gov.co\/amc\/wp-content\/uploads\/2024\/03\/Prohibicion-de-transportar-animales-silvestre-en-el-transporte-publico-320x320.jpg 320w, https:\/\/amc.gov.co\/amc\/wp-content\/uploads\/2024\/03\/Prohibicion-de-transportar-animales-silvestre-en-el-transporte-publico-480x480.jpg 480w, https:\/\/amc.gov.co\/amc\/wp-content\/uploads\/2024\/03\/Prohibicion-de-transportar-animales-silvestre-en-el-transporte-publico-800x800.jpg 800w\" sizes=\"(max-width: 480px) 100vw, 480px\" \/><\/a><\/p>\r\n<p>Al ser Semana Santa, una de las \u00e9pocas que intensifica el riesgo de tr\u00e1fico de fauna silvestre, la entidad invita a la comunidad metropolitana a convivir con armon\u00eda con los animales silvestres, respetando su h\u00e1bitat natural y libertad.<\/p>\r\n<p><a href=\"https:\/\/amc.gov.co\/amc\/wp-content\/uploads\/2024\/03\/Imagen-de-WhatsApp-2024-03-22-a-las-09.47.45_68e0c6c2.jpg\"><img loading=\"lazy\" decoding=\"async\" class=\"wp-image-13806 alignright\" src=\"https:\/\/amc.gov.co\/amc\/wp-content\/uploads\/2024\/03\/Imagen-de-WhatsApp-2024-03-22-a-las-09.47.45_68e0c6c2.jpg\" alt=\"Comunicado Acuerdo Metropolitano 008-2022\" width=\"480\" height=\"480\" srcset=\"https:\/\/amc.gov.co\/amc\/wp-content\/uploads\/2024\/03\/Imagen-de-WhatsApp-2024-03-22-a-las-09.47.45_68e0c6c2.jpg 1080w, https:\/\/amc.gov.co\/amc\/wp-content\/uploads\/2024\/03\/Imagen-de-WhatsApp-2024-03-22-a-las-09.47.45_68e0c6c2-768x768.jpg 768w, https:\/\/amc.gov.co\/amc\/wp-content\/uploads\/2024\/03\/Imagen-de-WhatsApp-2024-03-22-a-las-09.47.45_68e0c6c2-320x320.jpg 320w, https:\/\/amc.gov.co\/amc\/wp-content\/uploads\/2024\/03\/Imagen-de-WhatsApp-2024-03-22-a-las-09.47.45_68e0c6c2-480x480.jpg 480w, https:\/\/amc.gov.co\/amc\/wp-content\/uploads\/2024\/03\/Imagen-de-WhatsApp-2024-03-22-a-las-09.47.45_68e0c6c2-800x800.jpg 800w\" sizes=\"(max-width: 480px) 100vw, 480px\" \/><\/a>El AMC como autoridad de transporte de C\u00facuta y sus municipios socios, recuerda el art\u00edculo 6 del acuerdo metropolitano 008 de 2022 que proh\u00edbe el transporte de animales de fauna acu\u00e1tica, fauna silvestre y fauna ex\u00f3tica. Este es un delito, contemplado en el C\u00f3digo Nacional de Seguridad y Convivencia Ciudadana y en el art\u00edculo 328 del C\u00f3digo Penal Colombiano.<\/p>\r\n<p>&nbsp;<\/p>\r\n<p>El Director Juan Carlos Soto, en la Semana Santa que se avecina y en su compromiso con la seguridad y la legalidad en el transporte p\u00fablico del AMC y sus municipios socios ,hace un llamado a toda la comunidad metropolitana para trabajar mancomunadamente en la preservaci\u00f3n y en la prohibici\u00f3n de transportar fauna silvestre. As\u00ed mismo, el subdirector de transporte Jorge Hern\u00e1ndez invita a consultar el acuerdo metropolitano en menci\u00f3n, adjunto en esta p\u00e1gina, que tambi\u00e9n comprende las reglas para transportar animales dom\u00e9sticos, bienvenidos en los taxis y colectivos del \u00e1rea metropolitana de C\u00facuta.<\/p>\r\n<p>&nbsp;<\/p>\r\n<\/div>\r\n<\/div>\r\n\r\n<div id=\"el-ee0da7de\" class=\"vce vce-separator-container vce-separator--align-center vce-separator--style-solid\" data-vce-do-apply=\"margin el-ee0da7de\">\r\n<div class=\"vce-separator vce-separator--color-bfc0c1 vce-separator--width-90 vce-separator--thickness-3\" data-vce-do-apply=\"border padding background  el-ee0da7de\">\u00a0<\/div>\r\n<\/div>\r\n\r\n<div class=\"vce-shortcode\">\r\n<div id=\"el-17b0180d\" class=\"vce-shortcode-wrapper vce\" data-vce-do-apply=\"all el-17b0180d\"><div class='w3eden'><!-- WPDM Link Template: Widget Template -->\n\n<div class=\"media link-template-widget\">\n    <a title=\"Acuerdo Metropolitano 008-2022 Pol\u00edtica Movilidad de Animales en Transporte P\u00fablico\" target=\"_blank\" class=\"mr-3 img-48\" href=\"https:\/\/amc.gov.co\/amc\/download\/acuerdo-metropolitano-008-2022-politica-movilidad-de-animales-en-transporte-publico\/\">\n        <img class=\"wpdm_icon\" alt=\"Icono\"   src=\"https:\/\/amc.gov.co\/amc\/wp-content\/plugins\/download-manager\/assets\/file-type-icons\/pdf.svg\" \/>\n    <\/a>\n    <div class=\"media-body\" style=\"text-align:left!important;\">\n        <a title=\"Acuerdo Metropolitano 008-2022 Pol\u00edtica Movilidad de Animales en Transporte P\u00fablico\" target=\"_blank\" href=\"https:\/\/amc.gov.co\/amc\/download\/acuerdo-metropolitano-008-2022-politica-movilidad-de-animales-en-transporte-publico\/\" style=\"display: block;clear: bottom;font-size: 11pt;font-weight: bold;\">Acuerdo Metropolitano 008-2022 Pol\u00edtica Movilidad de Animales en Transporte P\u00fablico<\/a>\n\t\t\n        <div style=\"font-size: 9pt;Color:#00906B!important;\">\n            <i class=\"fas\"><\/i> 7.06 Mb <i class=\"fa ml-3\"><\/i>\n            22 diciembre, 2022\n\t\t<\/div>\n\t\t<div style=\"font-size: 8pt;\"><strong>Descripcion: <\/strong><p><em>\u201cPor el cual se reglamenta los lineamientos para la pol\u00edtica p\u00fablica del acceso, libre y segura movilidad de animales de compa\u00f1\u00eda en el transporte p\u00fablico enti\u00e9ndase animales dom\u00e9sticos, animales de asistencia y animales de soporte emocional. \u201cMovilidad Sintiente\u201d<\/em><\/p>\n<\/div>\n\t\t\n\t\t\t\t\t\n    <\/div>\n\t<div title=\"Acuerdo Metropolitano 008-2022 Pol\u00edtica Movilidad de Animales en Transporte P\u00fablico\">\n       <a class='wpdm-download-link download-on-click btn btn-primary ' rel='nofollow' href='#' data-downloadurl=\"https:\/\/amc.gov.co\/amc\/download\/acuerdo-metropolitano-008-2022-politica-movilidad-de-animales-en-transporte-publico\/?wpdmdl=12057&refresh=69f245494520a1777485129\">Descargar<\/a>\n    <\/div>\n    \n\n<\/div>\n\n\n<\/div><\/div>\r\n<\/div>\r\n<\/div>\r\n<\/div>\r\n<\/div>\r\n<\/div>\r\n<\/div>\r\n<\/div>\r\n\r\n<div class=\"vce-row-container\">\r\n<div id=\"el-4eb4081c\" class=\"vce-row vce-row--col-gap-30 vce-row-equal-height vce-row-content--top\" data-vce-full-width=\"true\" data-vce-stretch-content=\"true\" data-vce-do-apply=\"all el-4eb4081c\">\r\n<div class=\"vce-row-content\" data-vce-element-content=\"true\">\r\n<div id=\"el-4e757714\" class=\"vce-col vce-col--md-auto vce-col--xs-1 vce-col--xs-last vce-col--xs-first vce-col--sm-last vce-col--sm-first vce-col--md-last vce-col--lg-last vce-col--xl-last vce-col--md-first vce-col--lg-first vce-col--xl-first\">\r\n<div class=\"vce-col-inner\" data-vce-do-apply=\"border margin background  el-4e757714\">\r\n<div class=\"vce-col-content\" data-vce-element-content=\"true\" data-vce-do-apply=\"padding el-4e757714\">\r\n<div>\u00a0<\/div>\r\n<\/div>\r\n<\/div>\r\n<\/div>\r\n<\/div>\r\n<\/div>\r\n<\/div>\r\n\r\n<div class=\"vce-row-container\">\r\n<div id=\"el-0e3776c0\" class=\"vce-row vce-element--has-background vce-row--col-gap-30 vce-row-content--top\" data-vce-full-width=\"true\" data-vce-stretch-content=\"true\" data-vce-do-apply=\"all el-0e3776c0\">\r\n<div class=\"vce-content-background-container\">\r\n<div class=\"vce-asset-background-simple-container vce-visible-all-only vce-asset-background-simple--style-cover vce-asset-background-simple--position-center-top\">\r\n<div class=\"vce-asset-background-simple\">\r\n<div class=\"vce-asset-background-simple-item vcv-lozad\" data-background-image=\"https:\/\/www.aunap.gov.co\/wp-content\/uploads\/2021\/08\/fondo-contadores.png\">\u00a0<\/div>\r\n<noscript>\r\n                <div class=\"vce-asset-background-simple-item\" style=\"background-image: url(https:\/\/www.aunap.gov.co\/wp-content\/uploads\/2021\/08\/fondo-contadores.png)\"><\/div>\r\n              <\/noscript><\/div>\r\n<\/div>\r\n<\/div>\r\n<div class=\"vce-row-content\" data-vce-element-content=\"true\">\r\n<div id=\"el-cd49dd9d\" class=\"vce-col vce-col--md-auto vce-col--xs-1 vce-col--xs-last vce-col--xs-first vce-col--sm-last vce-col--sm-first vce-col--md-first vce-col--lg-first vce-col--xl-first\">\r\n<div class=\"vce-col-inner\" data-vce-do-apply=\"border margin background  el-cd49dd9d\">\r\n<div class=\"vce-col-content\" data-vce-element-content=\"true\" data-vce-do-apply=\"padding el-cd49dd9d\">\r\n<div class=\"vce-text-block\">\r\n<div id=\"el-6fc305ae\" class=\"vce-text-block-wrapper vce\" data-vce-do-apply=\"all el-6fc305ae\"><br \/>\r\n<ul class=\"section-imprimir\">\r\n<li style=\"list-style-type: none;\">\r\n<ul class=\"section-imprimir\">\r\n<li class=\"share-print\" role=\"presentation\"><a title=\"Imprimir\"><span class=\"hidden\">Imprimir<\/span><\/a><\/li>\r\n<\/ul>\r\n<\/li>\r\n<\/ul>\r\n<\/div>\r\n<\/div>\r\n<\/div>\r\n<\/div>\r\n<\/div>\r\n\r\n<div id=\"el-95788861\" class=\"vce-col vce-col--md-auto vce-col--xs-1 vce-col--xs-last vce-col--xs-first vce-col--sm-last vce-col--sm-first vce-col--md-last vce-col--lg-last vce-col--xl-last\">\r\n<div class=\"vce-col-inner\" data-vce-do-apply=\"border margin background  el-95788861\">\r\n<div class=\"vce-col-content\" data-vce-element-content=\"true\" data-vce-do-apply=\"padding el-95788861\">\r\n<div class=\"vce-text-block\">\r\n<div id=\"el-9d810552\" class=\"vce-text-block-wrapper vce\" data-vce-do-apply=\"all el-9d810552\">\r\n<div class=\"section-count\">N\u00famero de visitas a esta p\u00e1gina 0<br \/>Fecha de publicaci\u00f3n 22 marzo, 2024<br \/>\u00daltima modificaci\u00f3n 1 noviembre, 2025<\/div>\r\n<\/div>\r\n<\/div>\r\n<\/div>\r\n<\/div>\r\n<\/div>\r\n<\/div>\r\n<\/div>\r\n<\/div>\r\n","protected":false},"excerpt":{"rendered":"<p>\u00a0 Inicio Prensa Noticias Prohibici\u00f3n de transportar animales silvestre en el transporte p\u00fablico El \u00c1rea Metropolitana de C\u00facuta, d\u00edas antes de Semana Santa, recuerda la prohibici\u00f3n de transportar animales silvestres en el transporte p\u00fablico de los municipios metropolitanos. \u00a0 Al ser Semana Santa, una de las \u00e9pocas que intensifica el riesgo de tr\u00e1fico de fauna&hellip; <a class=\"more-link\" href=\"https:\/\/amc.gov.co\/amc\/prohibicion-de-transportar-animales-silvestre-en-el-transporte-publico\/\">Seguir leyendo <span class=\"screen-reader-text\">Prohibici\u00f3n de transportar animales silvestre en el transporte p\u00fablico<\/span><\/a><\/p>\n","protected":false},"author":3,"featured_media":13807,"comment_status":"closed","ping_status":"closed","sticky":false,"template":"","format":"image","meta":{"footnotes":"","_joinchat":[]},"categories":[11,20],"tags":[],"_links":{"self":[{"href":"https:\/\/amc.gov.co\/amc\/wp-json\/wp\/v2\/posts\/13805"}],"collection":[{"href":"https:\/\/amc.gov.co\/amc\/wp-json\/wp\/v2\/posts"}],"about":[{"href":"https:\/\/amc.gov.co\/amc\/wp-json\/wp\/v2\/types\/post"}],"author":[{"embeddable":true,"href":"https:\/\/amc.gov.co\/amc\/wp-json\/wp\/v2\/users\/3"}],"replies":[{"embeddable":true,"href":"https:\/\/amc.gov.co\/amc\/wp-json\/wp\/v2\/comments?post=13805"}],"version-history":[{"count":12,"href":"https:\/\/amc.gov.co\/amc\/wp-json\/wp\/v2\/posts\/13805\/revisions"}],"predecessor-version":[{"id":16546,"href":"https:\/\/amc.gov.co\/amc\/wp-json\/wp\/v2\/posts\/13805\/revisions\/16546"}],"wp:featuredmedia":[{"embeddable":true,"href":"https:\/\/amc.gov.co\/amc\/wp-json\/wp\/v2\/media\/13807"}],"wp:attachment":[{"href":"https:\/\/amc.gov.co\/amc\/wp-json\/wp\/v2\/media?parent=13805"}],"wp:term":[{"taxonomy":"category","embeddable":true,"href":"https:\/\/amc.gov.co\/amc\/wp-json\/wp\/v2\/categories?post=13805"},{"taxonomy":"post_tag","embeddable":true,"href":"https:\/\/amc.gov.co\/amc\/wp-json\/wp\/v2\/tags?post=13805"}],"curies":[{"name":"wp","href":"https:\/\/api.w.org\/{rel}","templated":true}]}}