{"id":13782,"date":"2024-03-19T18:07:28","date_gmt":"2024-03-19T23:07:28","guid":{"rendered":"https:\/\/amc.gov.co\/amc\/?p=13782"},"modified":"2025-11-01T15:06:32","modified_gmt":"2025-11-01T20:06:32","slug":"tarifas-para-el-transporte-publico-individual","status":"publish","type":"post","link":"https:\/\/amc.gov.co\/amc\/tarifas-para-el-transporte-publico-individual\/","title":{"rendered":"Tarifas para el transporte p\u00fablico individual"},"content":{"rendered":"\r\n<div class=\"vce-row-container\">\r\n<div id=\"el-d987a71b\" class=\"vce-row vce-row--col-gap-30 vce-row-equal-height vce-row-content--middle\" data-vce-full-width=\"true\" data-vce-stretch-content=\"true\" data-vce-do-apply=\"all el-d987a71b\">\r\n<div class=\"vce-content-background-container\">\u00a0<\/div>\r\n<div class=\"vce-row-content\" data-vce-element-content=\"true\">\r\n<div id=\"el-31823185\" class=\"vce-col vce-col--md-auto vce-col--xs-1 vce-col--xs-last vce-col--xs-first vce-col--sm-last vce-col--sm-first vce-col--md-last vce-col--lg-last vce-col--xl-last vce-col--md-first vce-col--lg-first vce-col--xl-first\">\r\n<div class=\"vce-col-inner\" data-vce-do-apply=\"border margin background  el-31823185\">\r\n<div class=\"vce-col-content\" data-vce-element-content=\"true\" data-vce-do-apply=\"padding el-31823185\">\r\n<div class=\"vce-text-block\">\r\n<div id=\"el-ad50d47e\" class=\"vce-text-block-wrapper vce\" data-vce-do-apply=\"all el-ad50d47e\"><nav aria-label=\"breadcrumb\"><br \/><br \/>\r\n<ol class=\"breadcrumb gov-co-breadcrumb\">\r\n<li style=\"list-style-type: none;\">\r\n<ol class=\"breadcrumb gov-co-breadcrumb\">\r\n<li class=\"breadcrumb-item\"><a href=\"https:\/\/amc.gov.co\/amc\/\"><i class=\"fas fa-home\"><\/i> Inicio <\/a><\/li>\r\n<\/ol>\r\n<\/li>\r\n<\/ol>\r\n<br \/>\r\n<ol class=\"breadcrumb gov-co-breadcrumb\">\r\n<li style=\"list-style-type: none;\">\r\n<ol class=\"breadcrumb gov-co-breadcrumb\">\r\n<li class=\"breadcrumb-item active\" aria-current=\"page\"><a href=\"https:\/\/amc.gov.co\/amc\/?page_id=9241\/\"> Prensa <\/a><\/li>\r\n<\/ol>\r\n<\/li>\r\n<\/ol>\r\n<br \/>\r\n<ol class=\"breadcrumb gov-co-breadcrumb\">\r\n<li style=\"list-style-type: none;\">\r\n<ol class=\"breadcrumb gov-co-breadcrumb\">\r\n<li class=\"breadcrumb-item active\" aria-current=\"page\"><a href=\"https:\/\/amc.gov.co\/amc\/noticias\/\">Noticias<\/a><\/li>\r\n<\/ol>\r\n<\/li>\r\n<\/ol>\r\n<br \/>\r\n<ol class=\"breadcrumb gov-co-breadcrumb\">\r\n<li style=\"list-style-type: none;\">\r\n<ol class=\"breadcrumb gov-co-breadcrumb\">\r\n<li class=\"breadcrumb-item active\" aria-current=\"page\"><a href=\"https:\/\/amc.gov.co\/amc\/tarifas-para-el-transporte-publico-individual\/\"> Tarifas para el transporte p\u00fablico individual.<\/a><\/li>\r\n<\/ol>\r\n<\/li>\r\n<\/ol>\r\n<br \/><br \/><\/nav><\/div>\r\n<\/div>\r\n\r\n<div class=\"vce-text-block\">\r\n<div id=\"el-b7449bda\" class=\"vce-text-block-wrapper vce\" data-vce-do-apply=\"all el-b7449bda\">\r\n<p style=\"text-align: center;\"><strong><span style=\"font-family: Montserrat; font-size: 24pt;\">La Junta Directiva del \u00c1rea Metropolitana de C\u00facuta fij\u00f3 tarifas para el transporte p\u00fablico individual<\/span><\/strong><\/p>\r\n<p>&nbsp;<\/p>\r\n<p>&nbsp;<\/p>\r\n<p data-wp-editing=\"1\"><img loading=\"lazy\" decoding=\"async\" class=\"alignleft wp-image-13784\" src=\"https:\/\/amc.gov.co\/amc\/wp-content\/uploads\/2024\/03\/Alcaldes-Metropolitanos-para-fijar-Tarifas-al-transporte-publico.jpg\" alt=\"Director y representante de Alcald\u00eda de C\u00facuta en junta fijan tarifas al Transporte P\u00fablico\" width=\"412\" height=\"274\" srcset=\"https:\/\/amc.gov.co\/amc\/wp-content\/uploads\/2024\/03\/Alcaldes-Metropolitanos-para-fijar-Tarifas-al-transporte-publico.jpg 1600w, https:\/\/amc.gov.co\/amc\/wp-content\/uploads\/2024\/03\/Alcaldes-Metropolitanos-para-fijar-Tarifas-al-transporte-publico-768x512.jpg 768w, https:\/\/amc.gov.co\/amc\/wp-content\/uploads\/2024\/03\/Alcaldes-Metropolitanos-para-fijar-Tarifas-al-transporte-publico-1536x1023.jpg 1536w, https:\/\/amc.gov.co\/amc\/wp-content\/uploads\/2024\/03\/Alcaldes-Metropolitanos-para-fijar-Tarifas-al-transporte-publico-320x213.jpg 320w, https:\/\/amc.gov.co\/amc\/wp-content\/uploads\/2024\/03\/Alcaldes-Metropolitanos-para-fijar-Tarifas-al-transporte-publico-480x320.jpg 480w, https:\/\/amc.gov.co\/amc\/wp-content\/uploads\/2024\/03\/Alcaldes-Metropolitanos-para-fijar-Tarifas-al-transporte-publico-800x533.jpg 800w, https:\/\/amc.gov.co\/amc\/wp-content\/uploads\/2024\/03\/Alcaldes-Metropolitanos-para-fijar-Tarifas-al-transporte-publico-1568x1045.jpg 1568w\" sizes=\"(max-width: 412px) 100vw, 412px\" \/><\/p>\r\n<p data-wp-editing=\"1\"><strong>La fijaci\u00f3n de las tarifas que rigen al transporte p\u00fablico individual de C\u00facuta y sus municipios metropolitanos debe actualizarse anualmente y obedece a un estudio adelantado por la entidad, que, a su vez, sigue pautas ordenadas por el Ministerio de Transporte. El AMC es la autoridad comisionada por ley para formular este estudio tarifario y debe someterlo a la aprobaci\u00f3n de la junta metropolitana, integrada por los seis alcaldes de los municipios que conforman la entidad.<\/strong><\/p>\r\n<p>&nbsp;<\/p>\r\n<p>El estudio t\u00e9cnico, adelantado por la entidad y concertado con los diferentes actores del transporte p\u00fablico de la ciudad, tiene en cuenta todos los par\u00e1metros y factores que conciernen a los distintos usuarios de transporte p\u00fablico individual de C\u00facuta y sus cinco municipios socios.\u00a0 Aqu\u00ed, se tienen en consideraci\u00f3n criterios de operaci\u00f3n como el precio del combustible, los kil\u00f3metros recorridos con pasajeros y sin ellos, el mantenimiento de los veh\u00edculos, sueldos y otros costos que el Ministerio de Transporte dicta considerar.<\/p>\r\n<p>As\u00ed mismo, en las determinaciones de tarifa se tiene en cuenta \u00edndices econ\u00f3micos que influyen a nivel regional y nacional, como lo son el incremento de la inflaci\u00f3n, de los salarios y en particular, para los taxis, el incremento de la gasolina que ha sido gradual y constante.<\/p>\r\n<p>&nbsp;<\/p>\r\n<p>La Junta Metropolitana, en esta ocasi\u00f3n con qu\u00f3rum completo, fue presidida por Miguel Castellanos, Secretario de Gobierno de C\u00facuta, fungiendo en calidad de alcalde encargado de C\u00facuta. Como miembros de junta asistieron el alcalde de Los Patios, Alexi Valencia, la alcaldesa de Puerto Santander, Teresa G\u00f3mez, el alcalde el El Zulia, Elkin Caballero, el alcalde de San Cayetano, Wilson de Jes\u00fas P\u00e9rez y el alcalde encargado de Villa del Rosario, Gerson Suarez. As\u00ed mismo representando al Concejo de C\u00facuta y al Concejo de los Municipios Metropolitanos, respectivamente, asistieron los Concejales Guillermo Le\u00f3n y Juan Ram\u00f3n Suarez.\u00a0<\/p>\r\n<p>Despu\u00e9s de analizar el estudio t\u00e9cnico adelantado por la subdirecci\u00f3n de transporte p\u00fablico de la entidad, La Junta estableci\u00f3 que el valor de la carrera m\u00ednima para este a\u00f1o es de 7000 pesos. Debe recordarse que el tax\u00edmetro empieza en 54 unidades, y a partir de ah\u00ed, el valor de la unidad fue fijado en 72 pesos. El resto de los valores se podr\u00e1 consultar en el acto administrativo, adjunto en esta nota y publicado en la p\u00e1gina de la entidad amc.gov.co.<\/p>\r\n<p>Si bien, el gremio taxista tendr\u00e1 20 d\u00edas para actualizar sus tax\u00edmetros, las tarifas fijadas, para el transporte terrestre automotor individual de Pasajeros en Veh\u00edculos Taxi, empiezan a regir, a partir de la publicaci\u00f3n del acto administrativo 002 de 2024.<\/p>\r\n<p>&nbsp;<\/p>\r\n<p>El \u00c1rea Metropolitana de C\u00facuta, recuerda gentilmente al gremio taxista, la obligaci\u00f3n del uso del tax\u00edmetro en aras de ejercer un servicio de transporte p\u00fablico en C\u00facuta y sus municipios metropolitanos, transparente y amigable con el usuario.<\/p>\r\n<p>&nbsp;<\/p>\r\n<\/div>\r\n<\/div>\r\n\r\n<div id=\"el-ee0da7de\" class=\"vce vce-separator-container vce-separator--align-center vce-separator--style-solid\" data-vce-do-apply=\"margin el-ee0da7de\">\r\n<div class=\"vce-separator vce-separator--color-bfc0c1 vce-separator--width-90 vce-separator--thickness-3\" data-vce-do-apply=\"border padding background  el-ee0da7de\">\u00a0<\/div>\r\n<\/div>\r\n\r\n<div class=\"vce-shortcode\">\r\n<div id=\"el-17b0180d\" class=\"vce-shortcode-wrapper vce\" data-vce-do-apply=\"all el-17b0180d\"><div class='w3eden'><!-- WPDM Link Template: Widget Template -->\n\n<div class=\"media link-template-widget\">\n    <a title=\"Acuerdo Metropolitano 002 \u2013 Tarifas del Servicio de Transporte P\u00fablico Terrestre Automotor Individual\" target=\"_blank\" class=\"mr-3 img-48\" href=\"https:\/\/amc.gov.co\/amc\/download\/acuerdo-metropolitano-002-tarifas-del-servicio-de-transporte-publico-terrestre-automotor-individual\/\">\n        <img class=\"wpdm_icon\" alt=\"Icono\"   src=\"https:\/\/amc.gov.co\/amc\/wp-content\/plugins\/download-manager\/assets\/file-type-icons\/pdf.svg\" \/>\n    <\/a>\n    <div class=\"media-body\" style=\"text-align:left!important;\">\n        <a title=\"Acuerdo Metropolitano 002 \u2013 Tarifas del Servicio de Transporte P\u00fablico Terrestre Automotor Individual\" target=\"_blank\" href=\"https:\/\/amc.gov.co\/amc\/download\/acuerdo-metropolitano-002-tarifas-del-servicio-de-transporte-publico-terrestre-automotor-individual\/\" style=\"display: block;clear: bottom;font-size: 11pt;font-weight: bold;\">Acuerdo Metropolitano 002 \u2013 Tarifas del Servicio de Transporte P\u00fablico Terrestre Automotor Individual<\/a>\n\t\t\n        <div style=\"font-size: 9pt;Color:#00906B!important;\">\n            <i class=\"fas\"><\/i> 2.46 Mb <i class=\"fa ml-3\"><\/i>\n            19 marzo, 2024\n\t\t<\/div>\n\t\t<div style=\"font-size: 8pt;\"><strong>Descripcion: <\/strong><p><em>\u201cPor medio de la cual se fijan las tarifas del Servicio de Transporte P\u00fablico Terrestre Automotor Individual de Pasajeros en Veh\u00edculo Taxi en el \u00c1rea Metropolitana de C\u00facuta\u201d<\/em><\/p>\n<\/div>\n\t\t\n\t\t\t\t\t\n    <\/div>\n\t<div title=\"Acuerdo Metropolitano 002 \u2013 Tarifas del Servicio de Transporte P\u00fablico Terrestre Automotor Individual\">\n       <a class='wpdm-download-link download-on-click btn btn-primary ' rel='nofollow' href='#' data-downloadurl=\"https:\/\/amc.gov.co\/amc\/download\/acuerdo-metropolitano-002-tarifas-del-servicio-de-transporte-publico-terrestre-automotor-individual\/?wpdmdl=13783&refresh=69f23198e025b1777480088\">Descargar<\/a>\n    <\/div>\n    \n\n<\/div>\n\n\n<\/div><\/div>\r\n<\/div>\r\n\r\n<div class=\"vce-image-gallery vce-image-gallery--gap-10 vce-image-gallery--columns-3\">\r\n<div id=\"el-372ddf22\" class=\"vce-image-gallery-wrapper vce\" data-vce-do-apply=\"all el-372ddf22\">\r\n<div class=\"vce-image-gallery-list\">\r\n<div class=\"vce-image-gallery-item\">\r\n<figure class=\"vce-image-gallery-item-inner-wrapper\"><a class=\"vce-image-gallery-item-inner\" href=\"https:\/\/amc.gov.co\/amc\/wp-content\/uploads\/2024\/03\/Presentacion-Tarifas-al-transporte-publico-individual.jpg\" data-lightbox=\"lightbox-372ddf22\"><img decoding=\"async\" class=\"vce-image-gallery-img\" title=\"Presentacion Tarifas al transporte p\u00fablico individual\" src=\"https:\/\/amc.gov.co\/amc\/wp-content\/uploads\/2024\/03\/Presentacion-Tarifas-al-transporte-publico-individual.jpg\" alt=\"Fijaci\u00f3n de las tarifas que rigen al transporte p\u00fablico individual de C\u00facuta\" \/><\/a><\/figure>\r\n<\/div>\r\n<div class=\"vce-image-gallery-item\">\r\n<figure class=\"vce-image-gallery-item-inner-wrapper\"><a class=\"vce-image-gallery-item-inner\" href=\"https:\/\/amc.gov.co\/amc\/wp-content\/uploads\/2024\/03\/Junta-Metropolitana-para-fijar-Tarifas-al-transporte-publico.jpg\" data-lightbox=\"lightbox-372ddf22\"><img decoding=\"async\" class=\"vce-image-gallery-img\" title=\"Junta Metropolitana para fijar Tarifas al transporte p\u00fablico\" src=\"https:\/\/amc.gov.co\/amc\/wp-content\/uploads\/2024\/03\/Junta-Metropolitana-para-fijar-Tarifas-al-transporte-publico.jpg\" alt=\"Director y representante de Alcald\u00eda de C\u00facuta en junta fijan tarifas al Transporte P\u00fablico\" \/><\/a><\/figure>\r\n<\/div>\r\n<div class=\"vce-image-gallery-item\">\r\n<figure class=\"vce-image-gallery-item-inner-wrapper\"><a class=\"vce-image-gallery-item-inner\" href=\"https:\/\/amc.gov.co\/amc\/wp-content\/uploads\/2024\/03\/Junta-Metropolitana-para-fijar-Tarifas-al-transporte-publico-individual.jpg\" data-lightbox=\"lightbox-372ddf22\"><img decoding=\"async\" class=\"vce-image-gallery-img\" title=\"Junta Metropolitana para fijar Tarifas al transporte p\u00fablico individual\" src=\"https:\/\/amc.gov.co\/amc\/wp-content\/uploads\/2024\/03\/Junta-Metropolitana-para-fijar-Tarifas-al-transporte-publico-individual.jpg\" alt=\"La Junta Directiva del \u00c1rea Metropolitana\" \/><\/a><\/figure>\r\n<\/div>\r\n<\/div>\r\n<\/div>\r\n<\/div>\r\n\r\n<div class=\"vce-image-gallery vce-image-gallery--gap-10 vce-image-gallery--columns-3\">\r\n<div id=\"el-0ac40cbc\" class=\"vce-image-gallery-wrapper vce\" data-vce-do-apply=\"all el-0ac40cbc\">\r\n<div class=\"vce-image-gallery-list\">\u00a0<\/div>\r\n<\/div>\r\n<\/div>\r\n<\/div>\r\n<\/div>\r\n<\/div>\r\n<\/div>\r\n<\/div>\r\n<\/div>\r\n\r\n<div class=\"vce-row-container\">\r\n<div id=\"el-4eb4081c\" class=\"vce-row vce-row--col-gap-30 vce-row-equal-height vce-row-content--top\" data-vce-full-width=\"true\" data-vce-stretch-content=\"true\" data-vce-do-apply=\"all el-4eb4081c\">\r\n<div class=\"vce-row-content\" data-vce-element-content=\"true\">\r\n<div id=\"el-4e757714\" class=\"vce-col vce-col--md-auto vce-col--xs-1 vce-col--xs-last vce-col--xs-first vce-col--sm-last vce-col--sm-first vce-col--md-last vce-col--lg-last vce-col--xl-last vce-col--md-first vce-col--lg-first vce-col--xl-first\">\r\n<div class=\"vce-col-inner\" data-vce-do-apply=\"border margin background  el-4e757714\">\r\n<div class=\"vce-col-content\" data-vce-element-content=\"true\" data-vce-do-apply=\"padding el-4e757714\">\r\n<div>\u00a0<\/div>\r\n<\/div>\r\n<\/div>\r\n<\/div>\r\n<\/div>\r\n<\/div>\r\n<\/div>\r\n\r\n<div class=\"vce-row-container\">\r\n<div id=\"el-0e3776c0\" class=\"vce-row vce-element--has-background vce-row--col-gap-30 vce-row-content--top\" data-vce-full-width=\"true\" data-vce-stretch-content=\"true\" data-vce-do-apply=\"all el-0e3776c0\">\r\n<div class=\"vce-content-background-container\">\r\n<div class=\"vce-asset-background-simple-container vce-visible-all-only vce-asset-background-simple--style-cover vce-asset-background-simple--position-center-top\">\r\n<div class=\"vce-asset-background-simple\">\r\n<div class=\"vce-asset-background-simple-item vcv-lozad\" data-background-image=\"https:\/\/www.aunap.gov.co\/wp-content\/uploads\/2021\/08\/fondo-contadores.png\">\u00a0<\/div>\r\n<noscript>\r\n                <div class=\"vce-asset-background-simple-item\" style=\"background-image: url(https:\/\/www.aunap.gov.co\/wp-content\/uploads\/2021\/08\/fondo-contadores.png)\"><\/div>\r\n              <\/noscript><\/div>\r\n<\/div>\r\n<\/div>\r\n<div class=\"vce-row-content\" data-vce-element-content=\"true\">\r\n<div id=\"el-cd49dd9d\" class=\"vce-col vce-col--md-auto vce-col--xs-1 vce-col--xs-last vce-col--xs-first vce-col--sm-last vce-col--sm-first vce-col--md-first vce-col--lg-first vce-col--xl-first\">\r\n<div class=\"vce-col-inner\" data-vce-do-apply=\"border margin background  el-cd49dd9d\">\r\n<div class=\"vce-col-content\" data-vce-element-content=\"true\" data-vce-do-apply=\"padding el-cd49dd9d\">\r\n<div class=\"vce-text-block\">\r\n<div id=\"el-6fc305ae\" class=\"vce-text-block-wrapper vce\" data-vce-do-apply=\"all el-6fc305ae\"><br \/>\r\n<ul class=\"section-imprimir\">\r\n<li style=\"list-style-type: none;\">\r\n<ul class=\"section-imprimir\">\r\n<li class=\"share-print\" role=\"presentation\"><a title=\"Imprimir\"><span class=\"hidden\">Imprimir<\/span><\/a><\/li>\r\n<\/ul>\r\n<\/li>\r\n<\/ul>\r\n<\/div>\r\n<\/div>\r\n<\/div>\r\n<\/div>\r\n<\/div>\r\n\r\n<div id=\"el-95788861\" class=\"vce-col vce-col--md-auto vce-col--xs-1 vce-col--xs-last vce-col--xs-first vce-col--sm-last vce-col--sm-first vce-col--md-last vce-col--lg-last vce-col--xl-last\">\r\n<div class=\"vce-col-inner\" data-vce-do-apply=\"border margin background  el-95788861\">\r\n<div class=\"vce-col-content\" data-vce-element-content=\"true\" data-vce-do-apply=\"padding el-95788861\">\r\n<div class=\"vce-text-block\">\r\n<div id=\"el-9d810552\" class=\"vce-text-block-wrapper vce\" data-vce-do-apply=\"all el-9d810552\">\r\n<div class=\"section-count\">N\u00famero de visitas a esta p\u00e1gina 0<br \/>Fecha de publicaci\u00f3n 19 marzo, 2024<br \/>\u00daltima modificaci\u00f3n 1 noviembre, 2025<\/div>\r\n<\/div>\r\n<\/div>\r\n<\/div>\r\n<\/div>\r\n<\/div>\r\n<\/div>\r\n<\/div>\r\n<\/div>\r\n","protected":false},"excerpt":{"rendered":"<p>\u00a0 Inicio Prensa Noticias Tarifas para el transporte p\u00fablico individual. La Junta Directiva del \u00c1rea Metropolitana de C\u00facuta fij\u00f3 tarifas para el transporte p\u00fablico individual &nbsp; &nbsp; La fijaci\u00f3n de las tarifas que rigen al transporte p\u00fablico individual de C\u00facuta y sus municipios metropolitanos debe actualizarse anualmente y obedece a un estudio adelantado por la&hellip; <a class=\"more-link\" href=\"https:\/\/amc.gov.co\/amc\/tarifas-para-el-transporte-publico-individual\/\">Seguir leyendo <span class=\"screen-reader-text\">Tarifas para el transporte p\u00fablico individual<\/span><\/a><\/p>\n","protected":false},"author":3,"featured_media":13785,"comment_status":"closed","ping_status":"closed","sticky":false,"template":"","format":"image","meta":{"footnotes":"","_joinchat":[]},"categories":[11,20],"tags":[],"_links":{"self":[{"href":"https:\/\/amc.gov.co\/amc\/wp-json\/wp\/v2\/posts\/13782"}],"collection":[{"href":"https:\/\/amc.gov.co\/amc\/wp-json\/wp\/v2\/posts"}],"about":[{"href":"https:\/\/amc.gov.co\/amc\/wp-json\/wp\/v2\/types\/post"}],"author":[{"embeddable":true,"href":"https:\/\/amc.gov.co\/amc\/wp-json\/wp\/v2\/users\/3"}],"replies":[{"embeddable":true,"href":"https:\/\/amc.gov.co\/amc\/wp-json\/wp\/v2\/comments?post=13782"}],"version-history":[{"count":16,"href":"https:\/\/amc.gov.co\/amc\/wp-json\/wp\/v2\/posts\/13782\/revisions"}],"predecessor-version":[{"id":16547,"href":"https:\/\/amc.gov.co\/amc\/wp-json\/wp\/v2\/posts\/13782\/revisions\/16547"}],"wp:featuredmedia":[{"embeddable":true,"href":"https:\/\/amc.gov.co\/amc\/wp-json\/wp\/v2\/media\/13785"}],"wp:attachment":[{"href":"https:\/\/amc.gov.co\/amc\/wp-json\/wp\/v2\/media?parent=13782"}],"wp:term":[{"taxonomy":"category","embeddable":true,"href":"https:\/\/amc.gov.co\/amc\/wp-json\/wp\/v2\/categories?post=13782"},{"taxonomy":"post_tag","embeddable":true,"href":"https:\/\/amc.gov.co\/amc\/wp-json\/wp\/v2\/tags?post=13782"}],"curies":[{"name":"wp","href":"https:\/\/api.w.org\/{rel}","templated":true}]}}