{"id":13765,"date":"2024-03-18T11:22:52","date_gmt":"2024-03-18T16:22:52","guid":{"rendered":"https:\/\/amc.gov.co\/amc\/?p=13765"},"modified":"2025-11-01T15:06:41","modified_gmt":"2025-11-01T20:06:41","slug":"mesa-de-trabajo-con-la-superintendencia-de-transporte","status":"publish","type":"post","link":"https:\/\/amc.gov.co\/amc\/mesa-de-trabajo-con-la-superintendencia-de-transporte\/","title":{"rendered":"Mesa de trabajo con la Superintendencia de Transporte"},"content":{"rendered":"\r\n<div class=\"vce-row-container\">\r\n<div id=\"el-d987a71b\" class=\"vce-row vce-row--col-gap-30 vce-row-equal-height vce-row-content--middle\" data-vce-full-width=\"true\" data-vce-stretch-content=\"true\" data-vce-do-apply=\"all el-d987a71b\">\r\n<div class=\"vce-content-background-container\">\u00a0<\/div>\r\n<div class=\"vce-row-content\" data-vce-element-content=\"true\">\r\n<div id=\"el-31823185\" class=\"vce-col vce-col--md-auto vce-col--xs-1 vce-col--xs-last vce-col--xs-first vce-col--sm-last vce-col--sm-first vce-col--md-last vce-col--lg-last vce-col--xl-last vce-col--md-first vce-col--lg-first vce-col--xl-first\">\r\n<div class=\"vce-col-inner\" data-vce-do-apply=\"border margin background  el-31823185\">\r\n<div class=\"vce-col-content\" data-vce-element-content=\"true\" data-vce-do-apply=\"padding el-31823185\">\r\n<div class=\"vce-text-block\">\r\n<div id=\"el-ad50d47e\" class=\"vce-text-block-wrapper vce\" data-vce-do-apply=\"all el-ad50d47e\"><nav aria-label=\"breadcrumb\"><br \/><br \/>\r\n<ol class=\"breadcrumb gov-co-breadcrumb\">\r\n<li style=\"list-style-type: none;\">\r\n<ol class=\"breadcrumb gov-co-breadcrumb\">\r\n<li class=\"breadcrumb-item\"><a href=\"https:\/\/amc.gov.co\/amc\/\"><i class=\"fas fa-home\"><\/i> Inicio <\/a><\/li>\r\n<\/ol>\r\n<\/li>\r\n<\/ol>\r\n<br \/>\r\n<ol class=\"breadcrumb gov-co-breadcrumb\">\r\n<li style=\"list-style-type: none;\">\r\n<ol class=\"breadcrumb gov-co-breadcrumb\">\r\n<li class=\"breadcrumb-item active\" aria-current=\"page\"><a href=\"https:\/\/amc.gov.co\/amc\/?page_id=9241\/\"> Prensa <\/a><\/li>\r\n<\/ol>\r\n<\/li>\r\n<\/ol>\r\n<br \/>\r\n<ol class=\"breadcrumb gov-co-breadcrumb\">\r\n<li style=\"list-style-type: none;\">\r\n<ol class=\"breadcrumb gov-co-breadcrumb\">\r\n<li class=\"breadcrumb-item active\" aria-current=\"page\"><a href=\"https:\/\/amc.gov.co\/amc\/noticias\/\">Noticias<\/a><\/li>\r\n<\/ol>\r\n<\/li>\r\n<\/ol>\r\n<br \/>\r\n<ol class=\"breadcrumb gov-co-breadcrumb\">\r\n<li style=\"list-style-type: none;\">\r\n<ol class=\"breadcrumb gov-co-breadcrumb\">\r\n<li class=\"breadcrumb-item active\" aria-current=\"page\"><a href=\"https:\/\/amc.gov.co\/amc\/mesa-de-trabajo-con-la-superintendencia-de-transporte\/\"> Mesa de trabajo Superintendencia de Transporte<\/a><\/li>\r\n<\/ol>\r\n<\/li>\r\n<\/ol>\r\n<br \/><br \/><\/nav><\/div>\r\n<\/div>\r\n\r\n<div class=\"vce-text-block\">\r\n<div id=\"el-b7449bda\" class=\"vce-text-block-wrapper vce\" data-vce-do-apply=\"all el-b7449bda\">\r\n<p style=\"text-align: center;\"><strong><span style=\"font-family: Montserrat; font-size: 24pt;\">Mesa de trabajo \u00c1rea Metropolitana de C\u00facuta y la Superintendencia de Transporte<\/span><\/strong><\/p>\r\n<p>&nbsp;<\/p>\r\n<p data-wp-editing=\"1\"><img loading=\"lazy\" decoding=\"async\" class=\"wp-image-13773 alignleft\" src=\"https:\/\/amc.gov.co\/amc\/wp-content\/uploads\/2024\/03\/Mesa-de-trabajo-con-la-Superintendencia-de-Transporte_2-1.jpg\" alt=\"Mesa de trabajo \u00c1rea Metropolitana de C\u00facuta y la Superintendencia de Transporte\" width=\"350\" height=\"247\" srcset=\"https:\/\/amc.gov.co\/amc\/wp-content\/uploads\/2024\/03\/Mesa-de-trabajo-con-la-Superintendencia-de-Transporte_2-1.jpg 1600w, https:\/\/amc.gov.co\/amc\/wp-content\/uploads\/2024\/03\/Mesa-de-trabajo-con-la-Superintendencia-de-Transporte_2-1-768x542.jpg 768w, https:\/\/amc.gov.co\/amc\/wp-content\/uploads\/2024\/03\/Mesa-de-trabajo-con-la-Superintendencia-de-Transporte_2-1-1536x1085.jpg 1536w, https:\/\/amc.gov.co\/amc\/wp-content\/uploads\/2024\/03\/Mesa-de-trabajo-con-la-Superintendencia-de-Transporte_2-1-320x226.jpg 320w, https:\/\/amc.gov.co\/amc\/wp-content\/uploads\/2024\/03\/Mesa-de-trabajo-con-la-Superintendencia-de-Transporte_2-1-480x339.jpg 480w, https:\/\/amc.gov.co\/amc\/wp-content\/uploads\/2024\/03\/Mesa-de-trabajo-con-la-Superintendencia-de-Transporte_2-1-800x565.jpg 800w, https:\/\/amc.gov.co\/amc\/wp-content\/uploads\/2024\/03\/Mesa-de-trabajo-con-la-Superintendencia-de-Transporte_2-1-1568x1107.jpg 1568w\" sizes=\"(max-width: 350px) 100vw, 350px\" \/><\/p>\r\n<p>Superintendente de Transporte, Ayda Lucy Ospina Arias y Superintendente de Transporte Delegado para Tr\u00e1nsito y Transporte, Oscar Alirio Espinosa Gonz\u00e1lez participaron en mesas de trabajo en el \u00c1rea Metropolitana de C\u00facuta.<\/p>\r\n<p>Las mesas de trabajo, moderadas y orientadas, por el subdirector de transporte p\u00fablico del AMC, Jorge Francisco Hern\u00e1ndez, se centraron en la aplicaci\u00f3n del Plan estrat\u00e9gico de control contra la ilegalidad en el transporte p\u00fablico (PECCIT) en C\u00facuta y sus municipios metropolitanos.<\/p>\r\n<p><strong>La Doctora Ayda Lucy Ospina Arias, Superintendente de Transporte, realiz\u00f3 un conversatorio, donde atendi\u00f3 las conclusiones de la primera reuni\u00f3n de trabajo, escuchando a los gremios de transporte y a las distintas entidades de tr\u00e1nsito de C\u00facuta y sus municipios socios. Culmin\u00f3, entregando a los distintos actores del ecosistema de transporte metropolitano, con base en su experticia<\/strong>, mecanismos, recomendaciones y estrategias para el fortalecimiento articulado del transporte p\u00fablico metropolitano. \u00a0<\/p>\r\n<p>A la reuni\u00f3n con el Superintendente delegado, asistieron: Carlos Orozco, Secretario de Tr\u00e1nsito Departamental, Albeiro Bohorquez, Secretario de Tr\u00e1nsito de C\u00facuta, Lilibeth Ventura, Secretar\u00eda de Tr\u00e1nsito de Villa del Rosario, el Secretario de Tr\u00e1nsito de Los Patios, el delegado de la Agencia de Seguridad Vial para el departamento y Vanessa Escamilla, Directora de la Central de Transportes de C\u00facuta.\u00a0 Representando a los entes de control, asisti\u00f3 el delegado de la Procuradur\u00eda Regional de Norte de Santander. Tambi\u00e9n, la mesa t\u00e9cnica cont\u00f3 con la participaci\u00f3n de distintos gerentes del gremio de transporte y su representante del sindicato.<\/p>\r\n<p>En un primer tiempo, la reuni\u00f3n se centr\u00f3 en la exposici\u00f3n de estrategias, que en su compromiso constante con el transporte legal, el AMC ha venido implementando para combatir la problem\u00e1tica. Posteriormente los Secretarios de tr\u00e1nsito de C\u00facuta, Villa del Rosario, Los Patios y Norte de Santander le presentaron al Superintendente delegado las cifras, los resultados y las problem\u00e1ticas de los operativos en contra de la prestaci\u00f3n del transporte p\u00fablico ilegal. En el interludio de las presentaciones, el gremio transportador, intervin\u00f3 para matizar la estrategia y proponer soluciones para la correcta aplicaci\u00f3n del PECCIT. La mesa culmin\u00f3 con las recomendaciones del Superintendente delegado de visibilizar los resultados que se obtengan del PECCIT en los municipios metropolitanos.<\/p>\r\n<p>En un segundo tiempo, el Doctor Espinosa se reuni\u00f3 con agentes de los distintos tr\u00e1nsitos del \u00e1rea metropolitana y sus municipios socios, para capacitarlos en las principales infracciones y en su correcto proceder.<\/p>\r\n<p>El subdirector Jorge Hern\u00e1ndez, como autoridad de transporte del AMC, destac\u00f3 la productividad de la mesa de trabajo e indic\u00f3 que para el AMC es prioritaria la correcta aplicaci\u00f3n del PECCIT, para velar por la prestaci\u00f3n de un transporte p\u00fablico seguro y legal.<\/p>\r\n<p>&nbsp;<\/p>\r\n<\/div>\r\n<\/div>\r\n\r\n<div class=\"vce-image-gallery vce-image-gallery--gap-10 vce-image-gallery--columns-3\">\r\n<div id=\"el-372ddf22\" class=\"vce-image-gallery-wrapper vce\" data-vce-do-apply=\"all el-372ddf22\">\r\n<div class=\"vce-image-gallery-list\">\r\n<div class=\"vce-image-gallery-item\">\r\n<figure class=\"vce-image-gallery-item-inner-wrapper\"><a class=\"vce-image-gallery-item-inner\" href=\"https:\/\/amc.gov.co\/amc\/wp-content\/uploads\/2024\/03\/Mesa-de-trabajo-con-la-Superintendencia-de-Transporte.jpg\" data-lightbox=\"lightbox-372ddf22\"><img decoding=\"async\" class=\"vce-image-gallery-img\" title=\"Mesa de trabajo con la Superintendencia de Transporte\" src=\"https:\/\/amc.gov.co\/amc\/wp-content\/uploads\/2024\/03\/Mesa-de-trabajo-con-la-Superintendencia-de-Transporte.jpg\" alt=\"Mesa de trabajo entre \u00c1rea Metropolitana de C\u00facuta y la Superintendencia de Transporte\" \/><\/a><\/figure>\r\n<\/div>\r\n<div class=\"vce-image-gallery-item\">\r\n<figure class=\"vce-image-gallery-item-inner-wrapper\"><a class=\"vce-image-gallery-item-inner\" href=\"https:\/\/amc.gov.co\/amc\/wp-content\/uploads\/2024\/03\/Mesa-de-trabajo-con-la-Superintendencia-de-Transporte_2.jpg\" data-lightbox=\"lightbox-372ddf22\"><img decoding=\"async\" class=\"vce-image-gallery-img\" title=\"Mesa de trabajo con la Superintendencia de Transporte_2\" src=\"https:\/\/amc.gov.co\/amc\/wp-content\/uploads\/2024\/03\/Mesa-de-trabajo-con-la-Superintendencia-de-Transporte_2.jpg\" alt=\"Mesa de trabajo con la directora de la Supertransporte\" \/><\/a><\/figure>\r\n<\/div>\r\n<div class=\"vce-image-gallery-item\">\r\n<figure class=\"vce-image-gallery-item-inner-wrapper\"><a class=\"vce-image-gallery-item-inner\" href=\"https:\/\/amc.gov.co\/amc\/wp-content\/uploads\/2024\/03\/Mesa-de-trabajo-con-la-Superintendencia-de-Transporte_3.jpg\" data-lightbox=\"lightbox-372ddf22\"><img decoding=\"async\" class=\"vce-image-gallery-img\" title=\"Mesa de trabajo con la Superintendencia de Transporte_3\" src=\"https:\/\/amc.gov.co\/amc\/wp-content\/uploads\/2024\/03\/Mesa-de-trabajo-con-la-Superintendencia-de-Transporte_3.jpg\" alt=\"Mesa de trabajo entre Subdirector de Transporte P\u00fablico \u00c1rea Metropolitana de C\u00facuta y la Superintendencia de Transporte\" \/><\/a><\/figure>\r\n<\/div>\r\n<div class=\"vce-image-gallery-item\">\r\n<figure class=\"vce-image-gallery-item-inner-wrapper\"><a class=\"vce-image-gallery-item-inner\" href=\"https:\/\/amc.gov.co\/amc\/wp-content\/uploads\/2024\/03\/Mesa-de-trabajo-con-la-Superintendencia-de-Transporte_4.jpg\" data-lightbox=\"lightbox-372ddf22\"><img decoding=\"async\" class=\"vce-image-gallery-img\" title=\"Mesa de trabajo con la Superintendencia de Transporte_4\" src=\"https:\/\/amc.gov.co\/amc\/wp-content\/uploads\/2024\/03\/Mesa-de-trabajo-con-la-Superintendencia-de-Transporte_4.jpg\" alt=\"Mesa de trabajo con delegado de la Supertransporte\" \/><\/a><\/figure>\r\n<\/div>\r\n<\/div>\r\n<\/div>\r\n<\/div>\r\n\r\n<div class=\"vce-image-gallery vce-image-gallery--gap-10 vce-image-gallery--columns-3\">\r\n<div id=\"el-0ac40cbc\" class=\"vce-image-gallery-wrapper vce\" data-vce-do-apply=\"all el-0ac40cbc\">\r\n<div class=\"vce-image-gallery-list\">\u00a0<\/div>\r\n<\/div>\r\n<\/div>\r\n<\/div>\r\n<\/div>\r\n<\/div>\r\n<\/div>\r\n<\/div>\r\n<\/div>\r\n\r\n<div class=\"vce-row-container\">\r\n<div id=\"el-00fc3b0e\" class=\"vce-row vce-element--has-background vce-row--col-gap-30 vce-row-content--top\" data-vce-full-width=\"true\" data-vce-stretch-content=\"true\" data-vce-do-apply=\"all el-00fc3b0e\">\r\n<div class=\"vce-content-background-container\">\r\n<div class=\"vce-asset-background-simple-container vce-visible-all-only vce-asset-background-simple--style-cover vce-asset-background-simple--position-center-top\">\r\n<div class=\"vce-asset-background-simple\">\r\n<div class=\"vce-asset-background-simple-item vcv-lozad\" data-background-image=\"https:\/\/www.aunap.gov.co\/wp-content\/uploads\/2021\/08\/fondo-contadores.png\">\u00a0<\/div>\r\n<noscript>\r\n                <div class=\"vce-asset-background-simple-item\" style=\"background-image: url(https:\/\/www.aunap.gov.co\/wp-content\/uploads\/2021\/08\/fondo-contadores.png)\"><\/div>\r\n              <\/noscript><\/div>\r\n<\/div>\r\n<\/div>\r\n<div class=\"vce-row-content\" data-vce-element-content=\"true\">\r\n<div id=\"el-9e4396bb\" class=\"vce-col vce-col--md-auto vce-col--xs-1 vce-col--xs-last vce-col--xs-first vce-col--sm-last vce-col--sm-first vce-col--md-first vce-col--lg-first vce-col--xl-first\">\r\n<div class=\"vce-col-inner\" data-vce-do-apply=\"border margin background  el-9e4396bb\">\r\n<div class=\"vce-col-content\" data-vce-element-content=\"true\" data-vce-do-apply=\"padding el-9e4396bb\">\r\n<div class=\"vce-text-block\">\r\n<div id=\"el-ab53a856\" class=\"vce-text-block-wrapper vce\" data-vce-do-apply=\"all el-ab53a856\"><br \/>\r\n<ul class=\"section-imprimir\">\r\n<li style=\"list-style-type: none;\">\r\n<ul class=\"section-imprimir\">\r\n<li class=\"share-print\" role=\"presentation\"><a title=\"Imprimir\"><span class=\"hidden\">Imprimir<\/span><\/a><\/li>\r\n<\/ul>\r\n<\/li>\r\n<\/ul>\r\n<\/div>\r\n<\/div>\r\n<\/div>\r\n<\/div>\r\n<\/div>\r\n\r\n<div id=\"el-fdf2269c\" class=\"vce-col vce-col--md-auto vce-col--xs-1 vce-col--xs-last vce-col--xs-first vce-col--sm-last vce-col--sm-first vce-col--md-last vce-col--lg-last vce-col--xl-last\">\r\n<div class=\"vce-col-inner\" data-vce-do-apply=\"border margin background  el-fdf2269c\">\r\n<div class=\"vce-col-content\" data-vce-element-content=\"true\" data-vce-do-apply=\"padding el-fdf2269c\">\r\n<div class=\"vce-text-block\">\r\n<div id=\"el-dc4a720e\" class=\"vce-text-block-wrapper vce\" data-vce-do-apply=\"all el-dc4a720e\">\r\n<div class=\"section-count\">N\u00famero de visitas a esta p\u00e1gina 0<\/div>\r\n<div class=\"section-count\"><span style=\"background-color: var(--global--color-background); color: var(--global--color-primary); font-family: var(--global--font-secondary); font-size: var(--global--font-size-base);\">Fecha de publicaci\u00f3n 18 marzo, 2024 \u00daltima modificaci\u00f3n 1 noviembre, 2025<\/span><\/div>\r\n<\/div>\r\n<\/div>\r\n<\/div>\r\n<\/div>\r\n<\/div>\r\n<\/div>\r\n<\/div>\r\n<\/div>\r\n\r\n<div class=\"vce-row-container\">\r\n<div id=\"el-4eb4081c\" class=\"vce-row vce-row--col-gap-30 vce-row-equal-height vce-row-content--top\" data-vce-full-width=\"true\" data-vce-stretch-content=\"true\" data-vce-do-apply=\"all el-4eb4081c\">\r\n<div class=\"vce-row-content\" data-vce-element-content=\"true\">\r\n<div id=\"el-4e757714\" class=\"vce-col vce-col--md-auto vce-col--xs-1 vce-col--xs-last vce-col--xs-first vce-col--sm-last vce-col--sm-first vce-col--md-last vce-col--lg-last vce-col--xl-last vce-col--md-first vce-col--lg-first vce-col--xl-first\">\r\n<div class=\"vce-col-inner\" data-vce-do-apply=\"border margin background  el-4e757714\">\r\n<div class=\"vce-col-content\" data-vce-element-content=\"true\" data-vce-do-apply=\"padding el-4e757714\">\r\n<div>\u00a0<\/div>\r\n<\/div>\r\n<\/div>\r\n<\/div>\r\n<\/div>\r\n<\/div>\r\n<\/div>\r\n","protected":false},"excerpt":{"rendered":"<p>\u00a0 Inicio Prensa Noticias Mesa de trabajo Superintendencia de Transporte Mesa de trabajo \u00c1rea Metropolitana de C\u00facuta y la Superintendencia de Transporte &nbsp; Superintendente de Transporte, Ayda Lucy Ospina Arias y Superintendente de Transporte Delegado para Tr\u00e1nsito y Transporte, Oscar Alirio Espinosa Gonz\u00e1lez participaron en mesas de trabajo en el \u00c1rea Metropolitana de C\u00facuta. Las&hellip; <a class=\"more-link\" href=\"https:\/\/amc.gov.co\/amc\/mesa-de-trabajo-con-la-superintendencia-de-transporte\/\">Seguir leyendo <span class=\"screen-reader-text\">Mesa de trabajo con la Superintendencia de Transporte<\/span><\/a><\/p>\n","protected":false},"author":3,"featured_media":13767,"comment_status":"closed","ping_status":"closed","sticky":false,"template":"","format":"image","meta":{"footnotes":"","_joinchat":[]},"categories":[11,20],"tags":[],"_links":{"self":[{"href":"https:\/\/amc.gov.co\/amc\/wp-json\/wp\/v2\/posts\/13765"}],"collection":[{"href":"https:\/\/amc.gov.co\/amc\/wp-json\/wp\/v2\/posts"}],"about":[{"href":"https:\/\/amc.gov.co\/amc\/wp-json\/wp\/v2\/types\/post"}],"author":[{"embeddable":true,"href":"https:\/\/amc.gov.co\/amc\/wp-json\/wp\/v2\/users\/3"}],"replies":[{"embeddable":true,"href":"https:\/\/amc.gov.co\/amc\/wp-json\/wp\/v2\/comments?post=13765"}],"version-history":[{"count":9,"href":"https:\/\/amc.gov.co\/amc\/wp-json\/wp\/v2\/posts\/13765\/revisions"}],"predecessor-version":[{"id":13800,"href":"https:\/\/amc.gov.co\/amc\/wp-json\/wp\/v2\/posts\/13765\/revisions\/13800"}],"wp:featuredmedia":[{"embeddable":true,"href":"https:\/\/amc.gov.co\/amc\/wp-json\/wp\/v2\/media\/13767"}],"wp:attachment":[{"href":"https:\/\/amc.gov.co\/amc\/wp-json\/wp\/v2\/media?parent=13765"}],"wp:term":[{"taxonomy":"category","embeddable":true,"href":"https:\/\/amc.gov.co\/amc\/wp-json\/wp\/v2\/categories?post=13765"},{"taxonomy":"post_tag","embeddable":true,"href":"https:\/\/amc.gov.co\/amc\/wp-json\/wp\/v2\/tags?post=13765"}],"curies":[{"name":"wp","href":"https:\/\/api.w.org\/{rel}","templated":true}]}}