{"id":13732,"date":"2024-03-13T11:14:11","date_gmt":"2024-03-13T16:14:11","guid":{"rendered":"https:\/\/amc.gov.co\/amc\/?p=13732"},"modified":"2025-11-01T15:07:08","modified_gmt":"2025-11-01T20:07:08","slug":"aviso-area-metropolitana-de-cucuta","status":"publish","type":"post","link":"https:\/\/amc.gov.co\/amc\/aviso-area-metropolitana-de-cucuta\/","title":{"rendered":"Aviso: \u00c1rea Metropolitana de C\u00facuta"},"content":{"rendered":"\r\n<div class=\"vce-row-container\">\r\n<div id=\"el-d987a71b\" class=\"vce-row vce-row--col-gap-30 vce-row-equal-height vce-row-content--middle\" data-vce-full-width=\"true\" data-vce-stretch-content=\"true\" data-vce-do-apply=\"all el-d987a71b\">\r\n<div class=\"vce-content-background-container\">\u00a0<\/div>\r\n<div class=\"vce-row-content\" data-vce-element-content=\"true\">\r\n<div id=\"el-31823185\" class=\"vce-col vce-col--md-auto vce-col--xs-1 vce-col--xs-last vce-col--xs-first vce-col--sm-last vce-col--sm-first vce-col--md-last vce-col--lg-last vce-col--xl-last vce-col--md-first vce-col--lg-first vce-col--xl-first\">\r\n<div class=\"vce-col-inner\" data-vce-do-apply=\"border margin background  el-31823185\">\r\n<div class=\"vce-col-content\" data-vce-element-content=\"true\" data-vce-do-apply=\"padding el-31823185\">\r\n<div class=\"vce-text-block\">\r\n<div id=\"el-ad50d47e\" class=\"vce-text-block-wrapper vce\" data-vce-do-apply=\"all el-ad50d47e\"><nav aria-label=\"breadcrumb\"><br \/><br \/>\r\n<ol class=\"breadcrumb gov-co-breadcrumb\">\r\n<li style=\"list-style-type: none;\">\r\n<ol class=\"breadcrumb gov-co-breadcrumb\">\r\n<li class=\"breadcrumb-item\"><a href=\"https:\/\/amc.gov.co\/amc\/\"><i class=\"fas fa-home\"><\/i> Inicio <\/a><\/li>\r\n<\/ol>\r\n<\/li>\r\n<\/ol>\r\n<br \/>\r\n<ol class=\"breadcrumb gov-co-breadcrumb\">\r\n<li style=\"list-style-type: none;\">\r\n<ol class=\"breadcrumb gov-co-breadcrumb\">\r\n<li class=\"breadcrumb-item active\" aria-current=\"page\"><a href=\"https:\/\/amc.gov.co\/amc\/?page_id=9241\/\"> Prensa <\/a><\/li>\r\n<\/ol>\r\n<\/li>\r\n<\/ol>\r\n<br \/>\r\n<ol class=\"breadcrumb gov-co-breadcrumb\">\r\n<li style=\"list-style-type: none;\">\r\n<ol class=\"breadcrumb gov-co-breadcrumb\">\r\n<li class=\"breadcrumb-item active\" aria-current=\"page\"><a href=\"https:\/\/amc.gov.co\/amc\/noticias\/\">Noticias<\/a><\/li>\r\n<\/ol>\r\n<\/li>\r\n<\/ol>\r\n<br \/>\r\n<ol class=\"breadcrumb gov-co-breadcrumb\">\r\n<li style=\"list-style-type: none;\">\r\n<ol class=\"breadcrumb gov-co-breadcrumb\">\r\n<li class=\"breadcrumb-item active\" aria-current=\"page\"><a href=\"https:\/\/amc.gov.co\/amc\/aviso-area-metropolitana-de-cucuta\/\"> Aviso <\/a><\/li>\r\n<\/ol>\r\n<\/li>\r\n<\/ol>\r\n<br \/><br \/><\/nav><\/div>\r\n<\/div>\r\n\r\n<div class=\"vce-text-block\">\r\n<div id=\"el-b7449bda\" class=\"vce-text-block-wrapper vce\" data-vce-do-apply=\"all el-b7449bda\">\r\n<p style=\"text-align: center;\"><strong><span style=\"font-size: 24pt;\">\u00a0Aviso<\/span><\/strong><\/p>\r\n<p>&nbsp;<\/p>\r\n<p data-wp-editing=\"1\"><img loading=\"lazy\" decoding=\"async\" class=\"wp-image-13733 aligncenter\" src=\"https:\/\/amc.gov.co\/amc\/wp-content\/uploads\/2024\/03\/Aviso-Area-Metropolitana-de-Cucuta-modifica-la-jornada-laboral-el-dia-Jueves-14-de-Marzo.jpg\" alt=\"Aviso: \u00c1rea Metropolitana de C\u00facuta modifica la jornada laboral el d\u00eda Jueves 14 de Marzo\" width=\"512\" height=\"724\" srcset=\"https:\/\/amc.gov.co\/amc\/wp-content\/uploads\/2024\/03\/Aviso-Area-Metropolitana-de-Cucuta-modifica-la-jornada-laboral-el-dia-Jueves-14-de-Marzo.jpg 1131w, https:\/\/amc.gov.co\/amc\/wp-content\/uploads\/2024\/03\/Aviso-Area-Metropolitana-de-Cucuta-modifica-la-jornada-laboral-el-dia-Jueves-14-de-Marzo-768x1086.jpg 768w, https:\/\/amc.gov.co\/amc\/wp-content\/uploads\/2024\/03\/Aviso-Area-Metropolitana-de-Cucuta-modifica-la-jornada-laboral-el-dia-Jueves-14-de-Marzo-1086x1536.jpg 1086w, https:\/\/amc.gov.co\/amc\/wp-content\/uploads\/2024\/03\/Aviso-Area-Metropolitana-de-Cucuta-modifica-la-jornada-laboral-el-dia-Jueves-14-de-Marzo-320x453.jpg 320w, https:\/\/amc.gov.co\/amc\/wp-content\/uploads\/2024\/03\/Aviso-Area-Metropolitana-de-Cucuta-modifica-la-jornada-laboral-el-dia-Jueves-14-de-Marzo-480x679.jpg 480w, https:\/\/amc.gov.co\/amc\/wp-content\/uploads\/2024\/03\/Aviso-Area-Metropolitana-de-Cucuta-modifica-la-jornada-laboral-el-dia-Jueves-14-de-Marzo-800x1132.jpg 800w\" sizes=\"(max-width: 512px) 100vw, 512px\" \/><\/p>\r\n<p>El \u00c1rea Metropolitana de C\u00facuta informa a la comunidad que por disposici\u00f3n de la Direcci\u00f3n de la entidad, el d\u00eda Jueves 14 de Marzo, la jornada laboral empezar\u00e1 a las 8 de la ma\u00f1ana y culminar\u00e1 a la 1 de la tarde.<\/p>\r\n<p>La entidad ruega a sus funcionarios y usuarios, con base en esta informaci\u00f3n, hacer los ajustes pertinentes.<\/p>\r\n<\/div>\r\n<\/div>\r\n\r\n<div class=\"vce-image-gallery vce-image-gallery--gap-10 vce-image-gallery--columns-3\">\r\n<div id=\"el-0ac40cbc\" class=\"vce-image-gallery-wrapper vce\" data-vce-do-apply=\"all el-0ac40cbc\">\r\n<div class=\"vce-image-gallery-list\">\u00a0<\/div>\r\n<\/div>\r\n<\/div>\r\n<\/div>\r\n<\/div>\r\n<\/div>\r\n<\/div>\r\n<\/div>\r\n<\/div>\r\n\r\n<div class=\"vce-row-container\">\r\n<div id=\"el-00fc3b0e\" class=\"vce-row vce-element--has-background vce-row--col-gap-30 vce-row-content--top\" data-vce-full-width=\"true\" data-vce-stretch-content=\"true\" data-vce-do-apply=\"all el-00fc3b0e\">\r\n<div class=\"vce-content-background-container\">\r\n<div class=\"vce-asset-background-simple-container vce-visible-all-only vce-asset-background-simple--style-cover vce-asset-background-simple--position-center-top\">\r\n<div class=\"vce-asset-background-simple\">\r\n<div class=\"vce-asset-background-simple-item vcv-lozad\" data-background-image=\"https:\/\/www.aunap.gov.co\/wp-content\/uploads\/2021\/08\/fondo-contadores.png\">\u00a0<\/div>\r\n<noscript>\r\n                <div class=\"vce-asset-background-simple-item\" style=\"background-image: url(https:\/\/www.aunap.gov.co\/wp-content\/uploads\/2021\/08\/fondo-contadores.png)\"><\/div>\r\n              <\/noscript><\/div>\r\n<\/div>\r\n<\/div>\r\n<div class=\"vce-row-content\" data-vce-element-content=\"true\">\r\n<div id=\"el-9e4396bb\" class=\"vce-col vce-col--md-auto vce-col--xs-1 vce-col--xs-last vce-col--xs-first vce-col--sm-last vce-col--sm-first vce-col--md-first vce-col--lg-first vce-col--xl-first\">\r\n<div class=\"vce-col-inner\" data-vce-do-apply=\"border margin background  el-9e4396bb\">\r\n<div class=\"vce-col-content\" data-vce-element-content=\"true\" data-vce-do-apply=\"padding el-9e4396bb\">\r\n<div class=\"vce-text-block\">\r\n<div id=\"el-ab53a856\" class=\"vce-text-block-wrapper vce\" data-vce-do-apply=\"all el-ab53a856\"><br \/>\r\n<ul class=\"section-imprimir\">\r\n<li style=\"list-style-type: none;\">\r\n<ul class=\"section-imprimir\">\r\n<li class=\"share-print\" role=\"presentation\"><a title=\"Imprimir\"><span class=\"hidden\">Imprimir<\/span><\/a><\/li>\r\n<\/ul>\r\n<\/li>\r\n<\/ul>\r\n<\/div>\r\n<\/div>\r\n<\/div>\r\n<\/div>\r\n<\/div>\r\n\r\n<div id=\"el-fdf2269c\" class=\"vce-col vce-col--md-auto vce-col--xs-1 vce-col--xs-last vce-col--xs-first vce-col--sm-last vce-col--sm-first vce-col--md-last vce-col--lg-last vce-col--xl-last\">\r\n<div class=\"vce-col-inner\" data-vce-do-apply=\"border margin background  el-fdf2269c\">\r\n<div class=\"vce-col-content\" data-vce-element-content=\"true\" data-vce-do-apply=\"padding el-fdf2269c\">\r\n<div class=\"vce-text-block\">\r\n<div id=\"el-dc4a720e\" class=\"vce-text-block-wrapper vce\" data-vce-do-apply=\"all el-dc4a720e\">\r\n<div class=\"section-count\">N\u00famero de visitas a esta p\u00e1gina 0<\/div>\r\n<div class=\"section-count\"><span style=\"background-color: var(--global--color-background); color: var(--global--color-primary); font-family: var(--global--font-secondary); font-size: var(--global--font-size-base);\">Fecha de publicaci\u00f3n 13 marzo, 2024 \u00daltima modificaci\u00f3n 1 noviembre, 2025<\/span><\/div>\r\n<\/div>\r\n<\/div>\r\n<\/div>\r\n<\/div>\r\n<\/div>\r\n<\/div>\r\n<\/div>\r\n<\/div>\r\n\r\n<div class=\"vce-row-container\">\r\n<div id=\"el-4eb4081c\" class=\"vce-row vce-row--col-gap-30 vce-row-equal-height vce-row-content--top\" data-vce-full-width=\"true\" data-vce-stretch-content=\"true\" data-vce-do-apply=\"all el-4eb4081c\">\r\n<div class=\"vce-row-content\" data-vce-element-content=\"true\">\r\n<div id=\"el-4e757714\" class=\"vce-col vce-col--md-auto vce-col--xs-1 vce-col--xs-last vce-col--xs-first vce-col--sm-last vce-col--sm-first vce-col--md-last vce-col--lg-last vce-col--xl-last vce-col--md-first vce-col--lg-first vce-col--xl-first\">\r\n<div class=\"vce-col-inner\" data-vce-do-apply=\"border margin background  el-4e757714\">\r\n<div class=\"vce-col-content\" data-vce-element-content=\"true\" data-vce-do-apply=\"padding el-4e757714\">\r\n<div>\u00a0<\/div>\r\n<\/div>\r\n<\/div>\r\n<\/div>\r\n<\/div>\r\n<\/div>\r\n<\/div>\r\n","protected":false},"excerpt":{"rendered":"<p>\u00a0 Inicio Prensa Noticias Aviso \u00a0Aviso &nbsp; El \u00c1rea Metropolitana de C\u00facuta informa a la comunidad que por disposici\u00f3n de la Direcci\u00f3n de la entidad, el d\u00eda Jueves 14 de Marzo, la jornada laboral empezar\u00e1 a las 8 de la ma\u00f1ana y culminar\u00e1 a la 1 de la tarde. La entidad ruega a sus funcionarios&hellip; <a class=\"more-link\" href=\"https:\/\/amc.gov.co\/amc\/aviso-area-metropolitana-de-cucuta\/\">Seguir leyendo <span class=\"screen-reader-text\">Aviso: \u00c1rea Metropolitana de C\u00facuta<\/span><\/a><\/p>\n","protected":false},"author":3,"featured_media":13733,"comment_status":"closed","ping_status":"closed","sticky":false,"template":"","format":"image","meta":{"footnotes":"","_joinchat":[]},"categories":[19,11],"tags":[],"_links":{"self":[{"href":"https:\/\/amc.gov.co\/amc\/wp-json\/wp\/v2\/posts\/13732"}],"collection":[{"href":"https:\/\/amc.gov.co\/amc\/wp-json\/wp\/v2\/posts"}],"about":[{"href":"https:\/\/amc.gov.co\/amc\/wp-json\/wp\/v2\/types\/post"}],"author":[{"embeddable":true,"href":"https:\/\/amc.gov.co\/amc\/wp-json\/wp\/v2\/users\/3"}],"replies":[{"embeddable":true,"href":"https:\/\/amc.gov.co\/amc\/wp-json\/wp\/v2\/comments?post=13732"}],"version-history":[{"count":8,"href":"https:\/\/amc.gov.co\/amc\/wp-json\/wp\/v2\/posts\/13732\/revisions"}],"predecessor-version":[{"id":16550,"href":"https:\/\/amc.gov.co\/amc\/wp-json\/wp\/v2\/posts\/13732\/revisions\/16550"}],"wp:featuredmedia":[{"embeddable":true,"href":"https:\/\/amc.gov.co\/amc\/wp-json\/wp\/v2\/media\/13733"}],"wp:attachment":[{"href":"https:\/\/amc.gov.co\/amc\/wp-json\/wp\/v2\/media?parent=13732"}],"wp:term":[{"taxonomy":"category","embeddable":true,"href":"https:\/\/amc.gov.co\/amc\/wp-json\/wp\/v2\/categories?post=13732"},{"taxonomy":"post_tag","embeddable":true,"href":"https:\/\/amc.gov.co\/amc\/wp-json\/wp\/v2\/tags?post=13732"}],"curies":[{"name":"wp","href":"https:\/\/api.w.org\/{rel}","templated":true}]}}