{"id":11600,"date":"2022-08-17T14:58:08","date_gmt":"2022-08-17T19:58:08","guid":{"rendered":"https:\/\/amc.gov.co\/amc\/?p=11600"},"modified":"2024-09-25T12:48:35","modified_gmt":"2024-09-25T17:48:35","slug":"participamos-en-el-foro-de-esquemas-asociativos-territoriales-en-medellin","status":"publish","type":"post","link":"https:\/\/amc.gov.co\/amc\/participamos-en-el-foro-de-esquemas-asociativos-territoriales-en-medellin\/","title":{"rendered":"Participamos en el foro de Esquemas asociativos territoriales en Medell\u00edn"},"content":{"rendered":"<div class=\"vce-row-container\"><div class=\"vce-row vce-row--col-gap-30 vce-row-equal-height vce-row-content--middle\" data-vce-full-width=\"true\" data-vce-stretch-content=\"true\" id=\"el-d987a71b\" data-vce-do-apply=\"all el-d987a71b\"><div class=\"vce-content-background-container\"><\/div><div class=\"vce-row-content\" data-vce-element-content=\"true\"><div class=\"vce-col vce-col--md-auto vce-col--xs-1 vce-col--xs-last vce-col--xs-first vce-col--sm-last vce-col--sm-first vce-col--md-last vce-col--lg-last vce-col--xl-last vce-col--md-first vce-col--lg-first vce-col--xl-first\" id=\"el-31823185\"><div class=\"vce-col-inner\" data-vce-do-apply=\"border margin background  el-31823185\"><div class=\"vce-col-content\" data-vce-element-content=\"true\" data-vce-do-apply=\"padding el-31823185\"><div class=\"vce-text-block\"><div class=\"vce-text-block-wrapper vce\" id=\"el-ad50d47e\" data-vce-do-apply=\"all el-ad50d47e\"><nav aria-label=\"breadcrumb\"><br><ol class=\"breadcrumb gov-co-breadcrumb\"><br><li class=\"breadcrumb-item\"><a href=\"\/\"><i class=\"fas fa-home\"><\/i> Inicio <\/a><\/li><br><li class=\"breadcrumb-item active\" aria-current=\"page\"><a href=\"\/noticias\/\">Noticias<\/a><\/li><br><\/ol><br><\/nav><\/div><\/div><div class=\"vce-text-block\"><div class=\"vce-text-block-wrapper vce\" id=\"el-b7449bda\" data-vce-do-apply=\"all el-b7449bda\"><p style=\"text-align: center;\"><strong><span style=\"font-family: Montserrat; font-size: 24pt;\">&nbsp;Participamos en el foro de Esquemas Asociativos Territoriales en Medell\u00edn<\/span><\/strong><\/p>\r\n<p>&nbsp;<\/p>\r\n<p style=\"line-height: var(--wp--typography--line-height, var(--global--line-height-body));\"><img loading=\"lazy\" decoding=\"async\" class=\"alignright wp-image-11606\" style=\"margin-left: var(--global--spacing-horizontal);\" src=\"https:\/\/amc.gov.co\/amc\/wp-content\/uploads\/2022\/08\/20220810092123_IMG_4869-1.jpg\" alt=\"Foro de EAT - Medell\u00edn\" width=\"320\" height=\"213\" srcset=\"https:\/\/amc.gov.co\/amc\/wp-content\/uploads\/2022\/08\/20220810092123_IMG_4869-1.jpg 1920w, https:\/\/amc.gov.co\/amc\/wp-content\/uploads\/2022\/08\/20220810092123_IMG_4869-1-768x512.jpg 768w, https:\/\/amc.gov.co\/amc\/wp-content\/uploads\/2022\/08\/20220810092123_IMG_4869-1-1536x1024.jpg 1536w, https:\/\/amc.gov.co\/amc\/wp-content\/uploads\/2022\/08\/20220810092123_IMG_4869-1-1568x1045.jpg 1568w\" sizes=\"(max-width: 320px) 100vw, 320px\" \/><\/p>\r\n<p><span style=\"font-size: 15pt;\">Los d\u00edas 10, 11 y 12 de agosto en Plaza Mayor Medell\u00edn se llev\u00f3 a cabo el Primer Foro de Esquemas Asociativos Territoriales: un Impulso a la Descentralizaci\u00f3n, organizado por el \u00c1rea Metropolitana del Valle de Aburr\u00e1, en el cual particip\u00f3 el arquitecto Miguel Pe\u00f1aranda Canal, director del AMC, en compa\u00f1\u00eda de los alcaldes metropolitanos de Los Patios, Villa del Rosario, San Cayetano y Puerto Santander.<\/span><\/p>\r\n<p>&nbsp;<\/p>\r\n<p>&nbsp;<\/p>\r\n<p><img loading=\"lazy\" decoding=\"async\" class=\"alignleft wp-image-11604\" src=\"https:\/\/amc.gov.co\/amc\/wp-content\/uploads\/2022\/08\/DSC9717.jpg\" alt=\"Foro de EAT - Medell\u00edn\" width=\"400\" height=\"301\" srcset=\"https:\/\/amc.gov.co\/amc\/wp-content\/uploads\/2022\/08\/DSC9717.jpg 1436w, https:\/\/amc.gov.co\/amc\/wp-content\/uploads\/2022\/08\/DSC9717-768x578.jpg 768w\" sizes=\"(max-width: 400px) 100vw, 400px\" \/><span style=\"font-size: 15pt;\">Con el objetivo de tomar de referencia al Valle de Aburr\u00e1 en la consolidaci\u00f3n e impulso de los esquemas asociativos, cuatro de los seis alcaldes metropolitanos participaron de las diferentes actividades del foro, recogiendo modelos de asociatividad.<\/span><\/p>\r\n<p><span style=\"font-size: 14pt; letter-spacing: inherit; font-weight: 400; font-style: normal;\"><strong>1)<\/strong> Continuar con los di\u00e1logos desde las regiones para construir m\u00e1s procesos de asociatividad desde los territorios y tener un Estado descentralizado<\/span><\/p>\r\n<p style=\"letter-spacing: inherit;\"><span style=\"font-size: 14pt; font-weight: 400; font-style: normal;\"><strong>2)<\/strong> Buscar maneras de financiaci\u00f3n no solo de los proyectos sino de su funcionamiento<\/span><\/p>\r\n<p style=\"letter-spacing: inherit;\"><span style=\"font-size: 14pt;\"><strong>3)<\/strong> Discutir y definir las competencias.<\/span><\/p>\r\n<p><span style=\"font-size: 14pt; letter-spacing: inherit;\"><strong>4)<\/strong> C\u00f3mo ayudar a los dem\u00e1s esquemas asociativos<\/span><\/p>\r\n<p><img loading=\"lazy\" decoding=\"async\" class=\"aligncenter wp-image-11605\" src=\"https:\/\/amc.gov.co\/amc\/wp-content\/uploads\/2022\/08\/DSC9850.jpg\" alt=\"Foro de EAT - Medell\u00edn\" width=\"560\" height=\"297\" srcset=\"https:\/\/amc.gov.co\/amc\/wp-content\/uploads\/2022\/08\/DSC9850.jpg 1506w, https:\/\/amc.gov.co\/amc\/wp-content\/uploads\/2022\/08\/DSC9850-768x407.jpg 768w\" sizes=\"(max-width: 560px) 100vw, 560px\" \/><\/p>\r\n<p>&nbsp;<\/p>\r\n<p><span style=\"font-size: 15pt;\"><em><strong>\u201cUn esquema asociativo es un esquema de solidaridad de la ciudad n\u00facleo, frente a los dem\u00e1s municipios\u201d<\/strong>,<\/em> afirm\u00f3 director AMVA, quien tambi\u00e9n puso como ejemplo a Medell\u00edn que, como ciudad n\u00facleo de la Entidad que \u00e9l dirige, aporta cerca del 80% de los recursos, lo cual permite, agreg\u00f3, llevar desarrollo a los restantes nueve municipios del territorio metropolitano.<\/span><\/p>\r\n<p><span style=\"font-size: 15pt;\">En el evento, se anunci\u00f3 la creaci\u00f3n de nuevos esquemas asociativos territoriales para el pa\u00eds: la Asociaci\u00f3n de Ciudades Intermedias, la cual nace con 35 municipios del pa\u00eds; el \u00c1rea Metropolitana de Florencia, Caquet\u00e1; la constituci\u00f3n de la Regi\u00f3n de Planeaci\u00f3n y Gesti\u00f3n de Urab\u00e1 y la ARG Aeroportuaria del Oriente y se dieron a conocer los avances de la Regi\u00f3n Metropolitana de Bogot\u00e1-Cundinamarca, de la cual se dijo, podr\u00eda estar lista en un a\u00f1o.<\/span><\/p>\r\n<p><span style=\"font-size: 15pt;\">En la clausura qued\u00f3 claro que la <strong>Asociatividad fortalece sostenibilidad, la institucionalidad y la gobernanza<\/strong> y es una herramienta para que los territorios se encuentren desde sus voluntades.<\/span><\/p><\/div><\/div><div class=\"vce-image-gallery vce-image-gallery--gap-10 vce-image-gallery--columns-5\"><div class=\"vce-image-gallery-wrapper vce\" id=\"el-22494de8\" data-vce-do-apply=\"all el-22494de8\"><div class=\"vce-image-gallery-list\"><div class=\"vce-image-gallery-item\"><figure class=\"vce-image-gallery-item-inner-wrapper\"><a href=\"https:\/\/amc.gov.co\/amc\/wp-content\/uploads\/2022\/08\/DSC9717-1.jpg\" data-lightbox=\"lightbox-22494de8\" class=\"vce-image-gallery-item-inner\"><img decoding=\"async\" class=\"vce-image-gallery-img\" src=\"https:\/\/amc.gov.co\/amc\/wp-content\/uploads\/2022\/08\/DSC9717-1.jpg\" alt=\"\" title=\"_DSC9717\"><\/a><\/figure><\/div><div class=\"vce-image-gallery-item\"><figure class=\"vce-image-gallery-item-inner-wrapper\"><a href=\"https:\/\/amc.gov.co\/amc\/wp-content\/uploads\/2022\/08\/20220810163032_IMG_5259-2-e1660769535981.jpg\" data-lightbox=\"lightbox-22494de8\" class=\"vce-image-gallery-item-inner\"><img decoding=\"async\" class=\"vce-image-gallery-img\" src=\"https:\/\/amc.gov.co\/amc\/wp-content\/uploads\/2022\/08\/20220810163032_IMG_5259-2-e1660769535981.jpg\" alt=\"Foro de EAT - Medell\u00edn\" title=\"Foro de EAT - Medell\u00edn\"><\/a><\/figure><\/div><div class=\"vce-image-gallery-item\"><figure class=\"vce-image-gallery-item-inner-wrapper\"><a href=\"https:\/\/amc.gov.co\/amc\/wp-content\/uploads\/2022\/08\/20220810160117_IMG_5214-1.jpg\" data-lightbox=\"lightbox-22494de8\" class=\"vce-image-gallery-item-inner\"><img decoding=\"async\" class=\"vce-image-gallery-img\" src=\"https:\/\/amc.gov.co\/amc\/wp-content\/uploads\/2022\/08\/20220810160117_IMG_5214-1.jpg\" alt=\"Foro de EAT - Medell\u00edn\" title=\"Foro de EAT - Medell\u00edn\"><\/a><\/figure><\/div><div class=\"vce-image-gallery-item\"><figure class=\"vce-image-gallery-item-inner-wrapper\"><a href=\"https:\/\/amc.gov.co\/amc\/wp-content\/uploads\/2022\/08\/20220810151748_IMG_5121-1.jpg\" data-lightbox=\"lightbox-22494de8\" class=\"vce-image-gallery-item-inner\"><img decoding=\"async\" class=\"vce-image-gallery-img\" src=\"https:\/\/amc.gov.co\/amc\/wp-content\/uploads\/2022\/08\/20220810151748_IMG_5121-1.jpg\" alt=\"Foro de EAT - Medell\u00edn\" title=\"Foro de EAT - Medell\u00edn(1)\"><\/a><\/figure><\/div><div class=\"vce-image-gallery-item\"><figure class=\"vce-image-gallery-item-inner-wrapper\"><a href=\"https:\/\/amc.gov.co\/amc\/wp-content\/uploads\/2022\/08\/20220810092148_IMG_4873-1.jpg\" data-lightbox=\"lightbox-22494de8\" class=\"vce-image-gallery-item-inner\"><img decoding=\"async\" class=\"vce-image-gallery-img\" src=\"https:\/\/amc.gov.co\/amc\/wp-content\/uploads\/2022\/08\/20220810092148_IMG_4873-1.jpg\" alt=\"Foro de EAT - Medell\u00edn\" title=\"Foro de EAT - Medell\u00edn(1)\"><\/a><\/figure><\/div><\/div><\/div><\/div><\/div><\/div><\/div><\/div><\/div><\/div><div class=\"vce-row-container\"><div class=\"vce-row vce-element--has-background vce-row--col-gap-30 vce-row-content--top\" data-vce-full-width=\"true\" data-vce-stretch-content=\"true\" id=\"el-00fc3b0e\" data-vce-do-apply=\"all el-00fc3b0e\"><div class=\"vce-content-background-container\"><div class=\"vce-asset-background-simple-container vce-visible-all-only vce-asset-background-simple--style-cover vce-asset-background-simple--position-center-top\"><div class=\"vce-asset-background-simple\">\r\n              <div class=\"vce-asset-background-simple-item vcv-lozad\" data-background-image=\"https:\/\/www.aunap.gov.co\/wp-content\/uploads\/2021\/08\/fondo-contadores.png\"><\/div>\r\n              <noscript>\r\n                <div class=\"vce-asset-background-simple-item\" style=\"background-image: url(https:\/\/www.aunap.gov.co\/wp-content\/uploads\/2021\/08\/fondo-contadores.png)\"><\/div>\r\n              <\/noscript>\r\n            <\/div><\/div><\/div><div class=\"vce-row-content\" data-vce-element-content=\"true\"><div class=\"vce-col vce-col--md-auto vce-col--xs-1 vce-col--xs-last vce-col--xs-first vce-col--sm-last vce-col--sm-first vce-col--md-first vce-col--lg-first vce-col--xl-first\" id=\"el-9e4396bb\"><div class=\"vce-col-inner\" data-vce-do-apply=\"border margin background  el-9e4396bb\"><div class=\"vce-col-content\" data-vce-element-content=\"true\" data-vce-do-apply=\"padding el-9e4396bb\"><div class=\"vce-text-block\"><div class=\"vce-text-block-wrapper vce\" id=\"el-ab53a856\" data-vce-do-apply=\"all el-ab53a856\"><ul class=\"section-imprimir\"><br> \t<li class=\"share-print\" role=\"presentation\"><a title=\"Imprimir\" href=\"javascript:window.print(); void 0;\"><span class=\"fa fa-print fa-2x\" aria-hidden=\"true\"><\/span><span class=\"hidden\">Imprimir<\/span><\/a><\/li><br><\/ul><\/div><\/div><\/div><\/div><\/div><div class=\"vce-col vce-col--md-auto vce-col--xs-1 vce-col--xs-last vce-col--xs-first vce-col--sm-last vce-col--sm-first vce-col--md-last vce-col--lg-last vce-col--xl-last\" id=\"el-fdf2269c\"><div class=\"vce-col-inner\" data-vce-do-apply=\"border margin background  el-fdf2269c\"><div class=\"vce-col-content\" data-vce-element-content=\"true\" data-vce-do-apply=\"padding el-fdf2269c\"><div class=\"vce-text-block\"><div class=\"vce-text-block-wrapper vce\" id=\"el-dc4a720e\" data-vce-do-apply=\"all el-dc4a720e\"><div class=\"section-count\">N\u00famero de visitas a esta p\u00e1gina 0<br>Fecha de publicaci\u00f3n 17 agosto, 2022<br>\u00daltima modificaci\u00f3n 25 septiembre, 2024<\/div><\/div><\/div><\/div><\/div><\/div><\/div><\/div><\/div>\n","protected":false},"excerpt":{"rendered":"<p>Inicio Noticias&nbsp;Participamos en el foro de Esquemas Asociativos Territoriales en Medell\u00edn &nbsp; Los d\u00edas 10, 11 y 12 de agosto en Plaza Mayor Medell\u00edn se llev\u00f3 a cabo el Primer Foro de Esquemas Asociativos Territoriales: un Impulso a la Descentralizaci\u00f3n, organizado por el \u00c1rea Metropolitana del Valle de Aburr\u00e1, en el cual particip\u00f3 el arquitecto&hellip; <a class=\"more-link\" href=\"https:\/\/amc.gov.co\/amc\/participamos-en-el-foro-de-esquemas-asociativos-territoriales-en-medellin\/\">Seguir leyendo <span class=\"screen-reader-text\">Participamos en el foro de Esquemas asociativos territoriales en Medell\u00edn<\/span><\/a><\/p>\n","protected":false},"author":3,"featured_media":11602,"comment_status":"closed","ping_status":"closed","sticky":false,"template":"","format":"image","meta":{"footnotes":"","_joinchat":[]},"categories":[12,11,13],"tags":[],"_links":{"self":[{"href":"https:\/\/amc.gov.co\/amc\/wp-json\/wp\/v2\/posts\/11600"}],"collection":[{"href":"https:\/\/amc.gov.co\/amc\/wp-json\/wp\/v2\/posts"}],"about":[{"href":"https:\/\/amc.gov.co\/amc\/wp-json\/wp\/v2\/types\/post"}],"author":[{"embeddable":true,"href":"https:\/\/amc.gov.co\/amc\/wp-json\/wp\/v2\/users\/3"}],"replies":[{"embeddable":true,"href":"https:\/\/amc.gov.co\/amc\/wp-json\/wp\/v2\/comments?post=11600"}],"version-history":[{"count":24,"href":"https:\/\/amc.gov.co\/amc\/wp-json\/wp\/v2\/posts\/11600\/revisions"}],"predecessor-version":[{"id":11639,"href":"https:\/\/amc.gov.co\/amc\/wp-json\/wp\/v2\/posts\/11600\/revisions\/11639"}],"wp:featuredmedia":[{"embeddable":true,"href":"https:\/\/amc.gov.co\/amc\/wp-json\/wp\/v2\/media\/11602"}],"wp:attachment":[{"href":"https:\/\/amc.gov.co\/amc\/wp-json\/wp\/v2\/media?parent=11600"}],"wp:term":[{"taxonomy":"category","embeddable":true,"href":"https:\/\/amc.gov.co\/amc\/wp-json\/wp\/v2\/categories?post=11600"},{"taxonomy":"post_tag","embeddable":true,"href":"https:\/\/amc.gov.co\/amc\/wp-json\/wp\/v2\/tags?post=11600"}],"curies":[{"name":"wp","href":"https:\/\/api.w.org\/{rel}","templated":true}]}}