{"id":11585,"date":"2022-08-11T11:24:55","date_gmt":"2022-08-11T16:24:55","guid":{"rendered":"https:\/\/amc.gov.co\/amc\/?p=11585"},"modified":"2024-09-25T12:46:44","modified_gmt":"2024-09-25T17:46:44","slug":"alcaldia-y-area-metropolitana-impulsan-el-manual-de-espacio-publico","status":"publish","type":"post","link":"https:\/\/amc.gov.co\/amc\/alcaldia-y-area-metropolitana-impulsan-el-manual-de-espacio-publico\/","title":{"rendered":"ALCALD\u00cdA Y \u00c1REA METROPOLITANA IMPULSAN EL MANUAL DE ESPACIO P\u00daBLICO"},"content":{"rendered":"<div class=\"vce-row-container\"><div class=\"vce-row vce-row--col-gap-30 vce-row-equal-height vce-row-content--middle\" data-vce-full-width=\"true\" data-vce-stretch-content=\"true\" id=\"el-d987a71b\" data-vce-do-apply=\"all el-d987a71b\"><div class=\"vce-content-background-container\"><\/div><div class=\"vce-row-content\" data-vce-element-content=\"true\"><div class=\"vce-col vce-col--md-auto vce-col--xs-1 vce-col--xs-last vce-col--xs-first vce-col--sm-last vce-col--sm-first vce-col--md-last vce-col--lg-last vce-col--xl-last vce-col--md-first vce-col--lg-first vce-col--xl-first\" id=\"el-31823185\"><div class=\"vce-col-inner\" data-vce-do-apply=\"border margin background  el-31823185\"><div class=\"vce-col-content\" data-vce-element-content=\"true\" data-vce-do-apply=\"padding el-31823185\"><div class=\"vce-text-block\"><div class=\"vce-text-block-wrapper vce\" id=\"el-ad50d47e\" data-vce-do-apply=\"all el-ad50d47e\"><nav aria-label=\"breadcrumb\"><br><ol class=\"breadcrumb gov-co-breadcrumb\"><br><li class=\"breadcrumb-item\"><a href=\"\/\"><i class=\"fas fa-home\"><\/i> Inicio <\/a><\/li><br><li class=\"breadcrumb-item active\" aria-current=\"page\"><a href=\"\/noticias\/\">Noticias<\/a><\/li><br><\/ol><br><\/nav><\/div><\/div><div class=\"vce-text-block\"><div class=\"vce-text-block-wrapper vce\" id=\"el-b7449bda\" data-vce-do-apply=\"all el-b7449bda\"><p style=\"text-align: center;\"><strong><span style=\"font-family: Montserrat; font-size: 24pt;\">&nbsp;Alcald\u00eda y \u00c1rea Metropolitana impulsan el Manual de Espacio P\u00fablico<\/span><\/strong><\/p>\r\n<p>&nbsp;<\/p><\/div><\/div><\/div><\/div><\/div><\/div><\/div><\/div><div class=\"vce-row-container\"><div class=\"vce-row vce-row--col-gap-30 vce-row-equal-height vce-row-content--top\" data-vce-full-width=\"true\" data-vce-stretch-content=\"true\" id=\"el-4eb4081c\" data-vce-do-apply=\"all el-4eb4081c\"><div class=\"vce-row-content\" data-vce-element-content=\"true\"><div class=\"vce-col vce-col--md-28p vce-col--xs-1 vce-col--xs-last vce-col--xs-first vce-col--sm-last vce-col--sm-first vce-col--md-first vce-col--lg-first vce-col--xl-first\" id=\"el-cee53cc2\"><div class=\"vce-col-inner\" data-vce-do-apply=\"border margin background  el-cee53cc2\"><div class=\"vce-col-content\" data-vce-element-content=\"true\" data-vce-do-apply=\"padding el-cee53cc2\"><div class=\"vce-single-image-container vce-single-image--align-left\"><div class=\"vce vce-single-image-wrapper\" id=\"el-73eddc8e\" data-vce-do-apply=\"all el-73eddc8e\"><figure><div class=\"vce-single-image-figure-inner\" style=\"width: 1080px;\"><a href=\"https:\/\/amc.gov.co\/amc\/wp-content\/uploads\/2022\/08\/PORTADA-POST-WEB.png\" data-lightbox=\"lightbox-73eddc8e\" class=\"vce-single-image-inner vce-single-image--absolute vce-single-image--border-rounded\" style=\"padding-bottom: 100%; width: 100%;\"><img loading=\"lazy\" decoding=\"async\" class=\"vce-single-image\"  width=\"1080\" height=\"1080\" srcset=\"https:\/\/amc.gov.co\/amc\/wp-content\/uploads\/2022\/09\/PORTADA-POST-WEB-320x320.png 320w,https:\/\/amc.gov.co\/amc\/wp-content\/uploads\/2022\/09\/PORTADA-POST-WEB-480x480.png 480w,https:\/\/amc.gov.co\/amc\/wp-content\/uploads\/2022\/09\/PORTADA-POST-WEB-800x800.png 800w,https:\/\/amc.gov.co\/amc\/wp-content\/uploads\/2022\/09\/PORTADA-POST-WEB-1080x1080.png 1080w\" src=\"https:\/\/amc.gov.co\/amc\/wp-content\/uploads\/2022\/09\/PORTADA-POST-WEB-1080x1080.png\" data-img-src=\"https:\/\/amc.gov.co\/amc\/wp-content\/uploads\/2022\/08\/PORTADA-POST-WEB.png\" alt=\"Socializacion del Manual del espacio publico por el Subdirector de Proyectos del Area Metropolitana de Cucuta y contratista.\" title=\"Socializacion del Manual del espacio publico por el Subdirector de Proyectos del Area Metropolitana de Cucuta y contratista.\" \/><\/a><\/div><figcaption hidden=\"\"><\/figcaption><\/figure><\/div><\/div><\/div><\/div><\/div><div class=\"vce-col vce-col--md-72p vce-col--xs-1 vce-col--xs-last vce-col--xs-first vce-col--sm-last vce-col--sm-first vce-col--md-last vce-col--lg-last vce-col--xl-last\" id=\"el-9283fe43\"><div class=\"vce-col-inner\" data-vce-do-apply=\"border margin background  el-9283fe43\"><div class=\"vce-col-content\" data-vce-element-content=\"true\" data-vce-do-apply=\"padding el-9283fe43\"><div class=\"vce-text-block\"><div class=\"vce-text-block-wrapper vce\" id=\"el-a10c03fd\" data-vce-do-apply=\"all el-a10c03fd\"><p>&nbsp;<\/p>\r\n<ul>\r\n<li><strong><em>Mobiliario urbano y una fuerte estructura ambiental son los componentes diferenciadores de esta nueva versi\u00f3n del Manual del espacio p\u00fablico.<\/em><\/strong><\/li>\r\n<\/ul>\r\n<p>&nbsp;<\/p>\r\n<ul>\r\n<li><strong><em>Bajo la estrategia de participaci\u00f3n ciudadana con los diferentes actores de la ciudad se estructur\u00f3 el manual del espacio p\u00fablico.<\/em><\/strong><\/li>\r\n<\/ul>\r\n<p>&nbsp;<\/p>\r\n<ul>\r\n<li><strong><em>El Concejo Municipal es quien aprueba el documento para su adopci\u00f3n e incorporaci\u00f3n al Plan de Ordenamiento Territorial y alineaci\u00f3n al PEMOT.<\/em><\/strong><\/li>\r\n<\/ul>\r\n<p>&nbsp;<\/p><\/div><\/div><\/div><\/div><\/div><\/div><\/div><\/div><div class=\"vce-row-container\"><div class=\"vce-row vce-row--col-gap-30 vce-row-equal-height vce-row-content--top\" data-vce-full-width=\"true\" data-vce-stretch-content=\"true\" id=\"el-7a25c574\" data-vce-do-apply=\"all el-7a25c574\"><div class=\"vce-content-background-container\"><\/div><div class=\"vce-row-content\" data-vce-element-content=\"true\"><div class=\"vce-col vce-col--md-auto vce-col--xs-1 vce-col--xs-last vce-col--xs-first vce-col--sm-last vce-col--sm-first vce-col--md-last vce-col--lg-last vce-col--xl-last vce-col--md-first vce-col--lg-first vce-col--xl-first\" id=\"el-7d25b8ae\"><div class=\"vce-col-inner\" data-vce-do-apply=\"border margin background  el-7d25b8ae\"><div class=\"vce-col-content\" data-vce-element-content=\"true\" data-vce-do-apply=\"padding el-7d25b8ae\"><div class=\"vce-text-block\"><div class=\"vce-text-block-wrapper vce\" id=\"el-eb87a8e8\" data-vce-do-apply=\"all el-eb87a8e8\"><p>&nbsp;<\/p>\r\n<p><span style=\"font-size: 14pt;\"><strong>San Jos\u00e9 de C\u00facuta, 8 de agosto del 2022 (@AlcaldiaCucuta).<\/strong> El espacio p\u00fablico de C\u00facuta y su \u00e1rea metropolitana es uno de los componentes m\u00e1s complejos de controlar por la tradici\u00f3n comercial que ha determinado la frontera desde d\u00e9cadas atr\u00e1s. Sin embargo, tener la posibilidad de clasificarlo y resolver situaciones que involucren un uso adecuado del mismo, se podr\u00e1 lograr gracias a la implementaci\u00f3n del manual que aborda todas las generalidades de este aspecto.<\/span><\/p>\r\n<p>&nbsp;<\/p>\r\n<p><span style=\"font-size: 14pt;\">El documento es el resultado del convenio interadministrativo 2221 firmado entre el Departamento Administrativo de Planeaci\u00f3n Municipal (DAPM) y el \u00c1rea Metropolitana, y con este se busca dar los lineamientos para el ordenamiento, mantenimiento, gesti\u00f3n y aprovechamiento del espacio p\u00fablico de la ciudad, se\u00f1al\u00f3 Miguel Enrique Pe\u00f1aranda Canal, director \u00c1rea Metropolitana de C\u00facuta.<\/span><\/p>\r\n<p>&nbsp;<\/p>\r\n<p><span style=\"font-size: 14pt;\">El equipo de trabajo de la subdirecci\u00f3n de proyectos y coordinaci\u00f3n interinstitucional del \u00c1rea Metropolitana de C\u00facuta estructur\u00f3 el manual del espacio public\u00f3 <strong><em>\u201cInstrumento que funciona como gu\u00eda instructiva para el uso y clasificaci\u00f3n del espacio p\u00fablico y su mobiliario urbano,&nbsp;<\/em><\/strong><\/span><span style=\"font-size: 14pt;\"><em><strong>d\u00e1ndonos las instrucciones y criterios espec\u00edficos para resolver situaciones que ofrecen m\u00e1s de una soluci\u00f3n posible. Actualmente desde el centro de pensamiento urbano iniciamos la estructuraci\u00f3n de este documento\u201d<\/strong>,<\/em> apunt\u00f3 Pe\u00f1aranda Canal.<\/span><\/p>\r\n<p>&nbsp;<\/p>\r\n<p><span style=\"font-size: 14pt;\"><em><strong>\u201cEl documento est\u00e1 casi listo, solo queda ajustar algunas solicitudes de la \u00faltima socializaci\u00f3n en la que el alcalde de los cucute\u00f1os, Jairo Y\u00e1\u00f1ez y su gabinete aportaron desde sus competencias algunas sugerencias en busca del fortalecimiento y apropiaci\u00f3n de este importante documento\u201d<\/strong>,<\/em> apunt\u00f3.<\/span><\/p>\r\n<p>&nbsp;<\/p>\r\n<p><span style=\"font-size: 14pt;\">Bajo un esquema estructural de sostenibilidad, inclusi\u00f3n, normatividad y participaci\u00f3n ciudadana, se construy\u00f3 este documento mediante mesas de trabajo con los diferentes actores del espacio p\u00fablico, como gremios, ediles, presidentes de junta de acci\u00f3n comunal, entes, sector privado y p\u00fablico.<\/span><\/p>\r\n<p>&nbsp;<\/p>\r\n<p><span style=\"font-size: 14pt;\">Marcela Rodr\u00edguez Camacho, directora del Departamento Administrativo de Planeaci\u00f3n Municipal (DAPM), indic\u00f3 que uno de los aspectos a destacar de este producto, fue su construcci\u00f3n y validaci\u00f3n, la cual se desarroll\u00f3 en espacios de participaci\u00f3n, donde la ciudadan\u00eda pod\u00eda dar sus apreciaciones, luego de conocer los componentes t\u00e9cnicos de dicho proceso.<\/span><\/p>\r\n<p>&nbsp;<\/p>\r\n<p><span style=\"font-size: 14pt;\">De igual manera, dijo que este manual se dise\u00f1\u00f3 con una metodolog\u00eda que permitiera conocer de una manera pedag\u00f3gica los componentes del espacio p\u00fablico del territorio.<\/span><\/p>\r\n<p><span style=\"font-size: 14pt;\">El componente de mobiliario urbano re\u00fane los elementos requeridos por la ciudad y su respectiva regulaci\u00f3n, y es el punto m\u00e1s innovador de esta nueva versi\u00f3n del manual, como tambi\u00e9n el componente ambiental, que fue desarrollado con el apoyo de Corponor, y la Subsecretar\u00eda de Medio Ambiente de C\u00facuta.<\/span><\/p>\r\n<p>&nbsp;<\/p>\r\n<p><span style=\"font-size: 14pt;\"><em>Otra novedad que incluye este manual es que las cicloinfraestuctura ya no se adecuar\u00e1 sobre el and\u00e9n, como se hac\u00eda anteriormente, sino se empezar\u00e1 a habilitar en la v\u00eda, debido a que el peat\u00f3n es el actor vial m\u00e1s vulnerable. Esta determinaci\u00f3n ya se empez\u00f3 a implementar en la zona c\u00e9ntrica <\/em><\/span><span style=\"font-size: 14pt;\">de la ciudad, bajo un dise\u00f1o del laboratorio m\u00f3vil de la Secretar\u00eda de Tr\u00e1nsito y Transporte de C\u00facuta.<\/span><\/p>\r\n<p>&nbsp;<\/p>\r\n<p>&nbsp;<\/p><\/div><\/div><\/div><\/div><\/div><\/div><\/div><\/div><div class=\"vce-row-container\"><div class=\"vce-row vce-element--has-background vce-row--col-gap-30 vce-row-content--top\" data-vce-full-width=\"true\" data-vce-stretch-content=\"true\" id=\"el-00fc3b0e\" data-vce-do-apply=\"all el-00fc3b0e\"><div class=\"vce-content-background-container\"><div class=\"vce-asset-background-simple-container vce-visible-all-only vce-asset-background-simple--style-cover vce-asset-background-simple--position-center-top\"><div class=\"vce-asset-background-simple\">\r\n              <div class=\"vce-asset-background-simple-item vcv-lozad\" data-background-image=\"https:\/\/www.aunap.gov.co\/wp-content\/uploads\/2021\/08\/fondo-contadores.png\"><\/div>\r\n              <noscript>\r\n                <div class=\"vce-asset-background-simple-item\" style=\"background-image: url(https:\/\/www.aunap.gov.co\/wp-content\/uploads\/2021\/08\/fondo-contadores.png)\"><\/div>\r\n              <\/noscript>\r\n            <\/div><\/div><\/div><div class=\"vce-row-content\" data-vce-element-content=\"true\"><div class=\"vce-col vce-col--md-auto vce-col--xs-1 vce-col--xs-last vce-col--xs-first vce-col--sm-last vce-col--sm-first vce-col--md-first vce-col--lg-first vce-col--xl-first\" id=\"el-9e4396bb\"><div class=\"vce-col-inner\" data-vce-do-apply=\"border margin background  el-9e4396bb\"><div class=\"vce-col-content\" data-vce-element-content=\"true\" data-vce-do-apply=\"padding el-9e4396bb\"><div class=\"vce-text-block\"><div class=\"vce-text-block-wrapper vce\" id=\"el-ab53a856\" data-vce-do-apply=\"all el-ab53a856\"><ul class=\"section-imprimir\"><br> \t<li class=\"share-print\" role=\"presentation\"><a title=\"Imprimir\" href=\"javascript:window.print(); void 0;\"><span class=\"fa fa-print fa-2x\" aria-hidden=\"true\"><\/span><span class=\"hidden\">Imprimir<\/span><\/a><\/li><br><\/ul><\/div><\/div><\/div><\/div><\/div><div class=\"vce-col vce-col--md-auto vce-col--xs-1 vce-col--xs-last vce-col--xs-first vce-col--sm-last vce-col--sm-first\" id=\"el-fdf2269c\"><div class=\"vce-col-inner\" data-vce-do-apply=\"border margin background  el-fdf2269c\"><div class=\"vce-col-content\" data-vce-element-content=\"true\" data-vce-do-apply=\"padding el-fdf2269c\"><div class=\"vce-text-block\"><div class=\"vce-text-block-wrapper vce\" id=\"el-dc4a720e\" data-vce-do-apply=\"all el-dc4a720e\"><div class=\"section-count\">N\u00famero de visitas a esta p\u00e1gina 0<br>Fecha de publicaci\u00f3n 11 agosto, 2022<br>\u00daltima modificaci\u00f3n 25 septiembre, 2024<\/div><\/div><\/div><\/div><\/div><\/div><div class=\"vce-col vce-col--md-auto vce-col--xs-1 vce-col--xs-last vce-col--xs-first vce-col--sm-last vce-col--sm-first vce-col--md-last vce-col--lg-last vce-col--xl-last\" id=\"el-4e757714\"><div class=\"vce-col-inner\" data-vce-do-apply=\"border margin background  el-4e757714\"><div class=\"vce-col-content\" data-vce-element-content=\"true\" data-vce-do-apply=\"padding el-4e757714\"><div><\/div><\/div><\/div><\/div><\/div><\/div><\/div>","protected":false},"excerpt":{"rendered":"<p>Inicio Noticias&nbsp;Alcald\u00eda y \u00c1rea Metropolitana impulsan el Manual de Espacio P\u00fablico &nbsp;&nbsp; Mobiliario urbano y una fuerte estructura ambiental son los componentes diferenciadores de esta nueva versi\u00f3n del Manual del espacio p\u00fablico. &nbsp; Bajo la estrategia de participaci\u00f3n ciudadana con los diferentes actores de la ciudad se estructur\u00f3 el manual del espacio p\u00fablico. &nbsp; El&hellip; <a class=\"more-link\" href=\"https:\/\/amc.gov.co\/amc\/alcaldia-y-area-metropolitana-impulsan-el-manual-de-espacio-publico\/\">Seguir leyendo <span class=\"screen-reader-text\">ALCALD\u00cdA Y \u00c1REA METROPOLITANA IMPULSAN EL MANUAL DE ESPACIO P\u00daBLICO<\/span><\/a><\/p>\n","protected":false},"author":3,"featured_media":11587,"comment_status":"closed","ping_status":"closed","sticky":false,"template":"","format":"image","meta":{"footnotes":"","_joinchat":[]},"categories":[12,11,13],"tags":[],"_links":{"self":[{"href":"https:\/\/amc.gov.co\/amc\/wp-json\/wp\/v2\/posts\/11585"}],"collection":[{"href":"https:\/\/amc.gov.co\/amc\/wp-json\/wp\/v2\/posts"}],"about":[{"href":"https:\/\/amc.gov.co\/amc\/wp-json\/wp\/v2\/types\/post"}],"author":[{"embeddable":true,"href":"https:\/\/amc.gov.co\/amc\/wp-json\/wp\/v2\/users\/3"}],"replies":[{"embeddable":true,"href":"https:\/\/amc.gov.co\/amc\/wp-json\/wp\/v2\/comments?post=11585"}],"version-history":[{"count":9,"href":"https:\/\/amc.gov.co\/amc\/wp-json\/wp\/v2\/posts\/11585\/revisions"}],"predecessor-version":[{"id":14471,"href":"https:\/\/amc.gov.co\/amc\/wp-json\/wp\/v2\/posts\/11585\/revisions\/14471"}],"wp:featuredmedia":[{"embeddable":true,"href":"https:\/\/amc.gov.co\/amc\/wp-json\/wp\/v2\/media\/11587"}],"wp:attachment":[{"href":"https:\/\/amc.gov.co\/amc\/wp-json\/wp\/v2\/media?parent=11585"}],"wp:term":[{"taxonomy":"category","embeddable":true,"href":"https:\/\/amc.gov.co\/amc\/wp-json\/wp\/v2\/categories?post=11585"},{"taxonomy":"post_tag","embeddable":true,"href":"https:\/\/amc.gov.co\/amc\/wp-json\/wp\/v2\/tags?post=11585"}],"curies":[{"name":"wp","href":"https:\/\/api.w.org\/{rel}","templated":true}]}}