{"id":11393,"date":"2022-07-11T17:01:14","date_gmt":"2022-07-11T22:01:14","guid":{"rendered":"https:\/\/amc.gov.co\/amc\/?p=11393"},"modified":"2024-09-25T12:47:00","modified_gmt":"2024-09-25T17:47:00","slug":"av_kennedy","status":"publish","type":"post","link":"https:\/\/amc.gov.co\/amc\/av_kennedy\/","title":{"rendered":"Av. Kennedy"},"content":{"rendered":"<div class=\"vce-row-container\"><div class=\"vce-row vce-row--col-gap-30 vce-row-equal-height vce-row-content--top\" data-vce-full-width=\"true\" data-vce-stretch-content=\"true\" id=\"el-d987a71b\" data-vce-do-apply=\"all el-d987a71b\"><div class=\"vce-content-background-container\"><\/div><div class=\"vce-row-content\" data-vce-element-content=\"true\"><div class=\"vce-col vce-col--md-35p vce-col--xs-1 vce-col--xs-last vce-col--xs-first vce-col--sm-last vce-col--sm-first vce-col--md-first vce-col--lg-first vce-col--xl-first\" id=\"el-31823185\"><div class=\"vce-col-inner\" data-vce-do-apply=\"border margin background  el-31823185\"><div class=\"vce-col-content\" data-vce-element-content=\"true\" data-vce-do-apply=\"padding el-31823185\"><div class=\"vce-row-container\"><div class=\"vce-row vce-row--col-gap-30 vce-row-equal-height vce-row-content--top\" data-vce-full-width=\"true\" data-vce-stretch-content=\"true\" id=\"el-7f00e2cf\" data-vce-do-apply=\"all el-7f00e2cf\"><div class=\"vce-row-content\" data-vce-element-content=\"true\"><div class=\"vce-col vce-col--md-auto vce-col--xs-1 vce-col--xs-last vce-col--xs-first vce-col--sm-last vce-col--sm-first vce-col--md-last vce-col--lg-last vce-col--xl-last vce-col--md-first vce-col--lg-first vce-col--xl-first\" id=\"el-1384c1f1\"><div class=\"vce-col-inner\" data-vce-do-apply=\"border margin background  el-1384c1f1\"><div class=\"vce-col-content\" data-vce-element-content=\"true\" data-vce-do-apply=\"padding el-1384c1f1\"><div class=\"vce-text-block\"><div class=\"vce-text-block-wrapper vce\" id=\"el-cf9540ac\" data-vce-do-apply=\"all el-cf9540ac\"><nav aria-label=\"breadcrumb\"><br><ol class=\"breadcrumb gov-co-breadcrumb\"><br><li class=\"breadcrumb-item\"><a href=\"\/\"><i class=\"fas fa-home\"><\/i> Inicio <\/a><\/li><br><li class=\"breadcrumb-item active\" aria-current=\"page\"><a href=\"\/noticias\/\">Noticias<\/a><\/li><br><\/ol><br><\/nav><\/div><\/div><\/div><\/div><\/div><\/div><\/div><\/div><div class=\"vce-image-gallery vce-image-gallery--gap-18 vce-image-gallery--columns-3 vce-image-gallery--border-rounded\"><div class=\"vce-image-gallery-wrapper vce\" id=\"el-8e7cc0db\" data-vce-do-apply=\"all el-8e7cc0db\"><div class=\"vce-image-gallery-list\"><\/div><\/div><\/div><div class=\"vce-single-image-container vce-single-image--align-center\"><div class=\"vce vce-single-image-wrapper\" id=\"el-724fc9f6\" data-vce-do-apply=\"all el-724fc9f6\"><figure><div class=\"vce-single-image-figure-inner\" style=\"width: 900px;\"><div class=\"vce-single-image-inner vce-single-image--absolute vce-single-image--border-rounded\" style=\"width: 100%; padding-bottom: 177.778%;\"><img loading=\"lazy\" decoding=\"async\" class=\"vce-single-image\"  width=\"900\" height=\"1600\" srcset=\"https:\/\/amc.gov.co\/amc\/wp-content\/uploads\/2022\/07\/WhatsApp-Image-2022-07-11-at-4.44.37-PM-320x569.jpeg 320w,https:\/\/amc.gov.co\/amc\/wp-content\/uploads\/2022\/07\/WhatsApp-Image-2022-07-11-at-4.44.37-PM-480x853.jpeg 480w,https:\/\/amc.gov.co\/amc\/wp-content\/uploads\/2022\/07\/WhatsApp-Image-2022-07-11-at-4.44.37-PM-800x1422.jpeg 800w,https:\/\/amc.gov.co\/amc\/wp-content\/uploads\/2022\/07\/WhatsApp-Image-2022-07-11-at-4.44.37-PM-900x1600.jpeg 900w\" src=\"https:\/\/amc.gov.co\/amc\/wp-content\/uploads\/2022\/07\/WhatsApp-Image-2022-07-11-at-4.44.37-PM-900x1600.jpeg\" data-img-src=\"https:\/\/amc.gov.co\/amc\/wp-content\/uploads\/2022\/07\/WhatsApp-Image-2022-07-11-at-4.44.37-PM.jpeg\" alt=\"Av. Kennedy\" title=\"Av. Kennedy\" \/><\/div><\/div><figcaption hidden=\"\"><\/figcaption><\/figure><\/div><\/div><\/div><\/div><\/div><div class=\"vce-col vce-col--md-65p vce-col--xs-1 vce-col--xs-last vce-col--xs-first vce-col--sm-last vce-col--sm-first vce-col--md-last vce-col--lg-last vce-col--xl-last\" id=\"el-c49ee4c5\"><div class=\"vce-col-inner\" data-vce-do-apply=\"border margin background  el-c49ee4c5\"><div class=\"vce-col-content\" data-vce-element-content=\"true\" data-vce-do-apply=\"padding el-c49ee4c5\"><div class=\"vce-text-block\"><div class=\"vce-text-block-wrapper vce\" id=\"el-eaf69303\" data-vce-do-apply=\"all el-eaf69303\"><p>&nbsp;<\/p><p>&nbsp;<\/p><p style=\"text-align: center;\"><strong><span style=\"font-family: Montserrat; font-size: 24pt;\">Av. Kennedy <\/span><\/strong><\/p><p><span style=\"font-family: inherit; font-size: 14pt;\">Una de las principales v\u00edas del transporte p\u00fablico de C\u00facuta.<\/span><\/p><ul><li><span style=\"font-size: 14pt;\">Contar\u00e1 con una inversi\u00f3n de m\u00e1s 800 millones.<\/span><\/li><li><span style=\"font-family: inherit; font-size: 14pt;\">Pavimentaci\u00f3n de 260 metros de v\u00eda.<\/span><\/li><\/ul><p><span style=\"font-family: inherit; font-size: 14pt;\">Esta intervenci\u00f3n vial hace parte de la proyecci\u00f3n del AMC, del proyecto <strong>Renovaci\u00f3n Av. Kennedy de la Alcald\u00eda de C\u00facuta.<\/strong><\/span><\/p><\/div><\/div><div class=\"vce-image-gallery vce-image-gallery--gap-10 vce-image-gallery--columns-3 vce-image-gallery--border-rounded\"><div class=\"vce-image-gallery-wrapper vce\" id=\"el-d1d6f6c1\" data-vce-do-apply=\"all el-d1d6f6c1\"><div class=\"vce-image-gallery-list\"><div class=\"vce-image-gallery-item\"><figure class=\"vce-image-gallery-item-inner-wrapper\"><a href=\"https:\/\/amc.gov.co\/amc\/wp-content\/uploads\/2022\/07\/WhatsApp-Image-2022-07-11-at-4.47.29-PM.jpeg\" data-lightbox=\"lightbox-d1d6f6c1\" class=\"vce-image-gallery-item-inner\"><img decoding=\"async\" class=\"vce-image-gallery-img\" src=\"https:\/\/amc.gov.co\/amc\/wp-content\/uploads\/2022\/07\/WhatsApp-Image-2022-07-11-at-4.47.29-PM.jpeg\" alt=\"Av. Kennedy\" title=\"Av. Kennedy\"><\/a><\/figure><\/div><div class=\"vce-image-gallery-item\"><figure class=\"vce-image-gallery-item-inner-wrapper\"><a href=\"https:\/\/amc.gov.co\/amc\/wp-content\/uploads\/2022\/07\/WhatsApp-Image-2022-07-11-at-4.47.09-PM.jpeg\" data-lightbox=\"lightbox-d1d6f6c1\" class=\"vce-image-gallery-item-inner\"><img decoding=\"async\" class=\"vce-image-gallery-img\" src=\"https:\/\/amc.gov.co\/amc\/wp-content\/uploads\/2022\/07\/WhatsApp-Image-2022-07-11-at-4.47.09-PM.jpeg\" alt=\"Av. Kennedy\" title=\"Av. Kennedy\"><\/a><\/figure><\/div><div class=\"vce-image-gallery-item\"><figure class=\"vce-image-gallery-item-inner-wrapper\"><a href=\"https:\/\/amc.gov.co\/amc\/wp-content\/uploads\/2022\/07\/WhatsApp-Image-2022-07-11-at-4.46.47-PM.jpeg\" data-lightbox=\"lightbox-d1d6f6c1\" class=\"vce-image-gallery-item-inner\"><img decoding=\"async\" class=\"vce-image-gallery-img\" src=\"https:\/\/amc.gov.co\/amc\/wp-content\/uploads\/2022\/07\/WhatsApp-Image-2022-07-11-at-4.46.47-PM.jpeg\" alt=\"Av. Kennedy\" title=\"Av. Kennedy\"><\/a><\/figure><\/div><\/div><\/div><\/div><\/div><\/div><\/div><\/div><\/div><\/div><div class=\"vce-row-container\"><div class=\"vce-row vce-element--has-background vce-row--col-gap-30 vce-row-content--top\" data-vce-full-width=\"true\" data-vce-stretch-content=\"true\" id=\"el-00fc3b0e\" data-vce-do-apply=\"all el-00fc3b0e\"><div class=\"vce-content-background-container\"><div class=\"vce-asset-background-simple-container vce-visible-all-only vce-asset-background-simple--style-cover vce-asset-background-simple--position-center-top\"><div class=\"vce-asset-background-simple\">\r\n              <div class=\"vce-asset-background-simple-item vcv-lozad\" data-background-image=\"https:\/\/www.aunap.gov.co\/wp-content\/uploads\/2021\/08\/fondo-contadores.png\"><\/div>\r\n              <noscript>\r\n                <div class=\"vce-asset-background-simple-item\" style=\"background-image: url(https:\/\/www.aunap.gov.co\/wp-content\/uploads\/2021\/08\/fondo-contadores.png)\"><\/div>\r\n              <\/noscript>\r\n            <\/div><\/div><\/div><div class=\"vce-row-content\" data-vce-element-content=\"true\"><div class=\"vce-col vce-col--md-auto vce-col--xs-1 vce-col--xs-last vce-col--xs-first vce-col--sm-last vce-col--sm-first vce-col--md-first vce-col--lg-first vce-col--xl-first\" id=\"el-9e4396bb\"><div class=\"vce-col-inner\" data-vce-do-apply=\"border margin background  el-9e4396bb\"><div class=\"vce-col-content\" data-vce-element-content=\"true\" data-vce-do-apply=\"padding el-9e4396bb\"><div class=\"vce-text-block\"><div class=\"vce-text-block-wrapper vce\" id=\"el-ab53a856\" data-vce-do-apply=\"all el-ab53a856\"><ul class=\"section-imprimir\"><br> \t<li class=\"share-print\" role=\"presentation\"><a title=\"Imprimir\" href=\"javascript:window.print(); void 0;\"><span class=\"fa fa-print fa-2x\" aria-hidden=\"true\"><\/span><span class=\"hidden\">Imprimir<\/span><\/a><\/li><br><\/ul><\/div><\/div><\/div><\/div><\/div><div class=\"vce-col vce-col--md-auto vce-col--xs-1 vce-col--xs-last vce-col--xs-first vce-col--sm-last vce-col--sm-first vce-col--md-last vce-col--lg-last vce-col--xl-last\" id=\"el-fdf2269c\"><div class=\"vce-col-inner\" data-vce-do-apply=\"border margin background  el-fdf2269c\"><div class=\"vce-col-content\" data-vce-element-content=\"true\" data-vce-do-apply=\"padding el-fdf2269c\"><div class=\"vce-text-block\"><div class=\"vce-text-block-wrapper vce\" id=\"el-dc4a720e\" data-vce-do-apply=\"all el-dc4a720e\"><div class=\"section-count\">N\u00famero de visitas a esta p\u00e1gina 0<br>Fecha de publicaci\u00f3n 11 julio, 2022<br>\u00daltima modificaci\u00f3n 25 septiembre, 2024<\/div><\/div><\/div><\/div><\/div><\/div><\/div><\/div><\/div>\n","protected":false},"excerpt":{"rendered":"<p>Inicio Noticias&nbsp;&nbsp;Av. Kennedy Una de las principales v\u00edas del transporte p\u00fablico de C\u00facuta.Contar\u00e1 con una inversi\u00f3n de m\u00e1s 800 millones.Pavimentaci\u00f3n de 260 metros de v\u00eda.Esta intervenci\u00f3n vial hace parte de la proyecci\u00f3n del AMC, del proyecto Renovaci\u00f3n Av. Kennedy de la Alcald\u00eda de C\u00facuta. ImprimirN\u00famero de visitas a esta p\u00e1gina Fecha de publicaci\u00f3n \u00daltima modificaci\u00f3n<\/p>\n","protected":false},"author":3,"featured_media":11412,"comment_status":"closed","ping_status":"closed","sticky":false,"template":"","format":"image","meta":{"footnotes":"","_joinchat":[]},"categories":[12,11,13],"tags":[],"_links":{"self":[{"href":"https:\/\/amc.gov.co\/amc\/wp-json\/wp\/v2\/posts\/11393"}],"collection":[{"href":"https:\/\/amc.gov.co\/amc\/wp-json\/wp\/v2\/posts"}],"about":[{"href":"https:\/\/amc.gov.co\/amc\/wp-json\/wp\/v2\/types\/post"}],"author":[{"embeddable":true,"href":"https:\/\/amc.gov.co\/amc\/wp-json\/wp\/v2\/users\/3"}],"replies":[{"embeddable":true,"href":"https:\/\/amc.gov.co\/amc\/wp-json\/wp\/v2\/comments?post=11393"}],"version-history":[{"count":13,"href":"https:\/\/amc.gov.co\/amc\/wp-json\/wp\/v2\/posts\/11393\/revisions"}],"predecessor-version":[{"id":11884,"href":"https:\/\/amc.gov.co\/amc\/wp-json\/wp\/v2\/posts\/11393\/revisions\/11884"}],"wp:featuredmedia":[{"embeddable":true,"href":"https:\/\/amc.gov.co\/amc\/wp-json\/wp\/v2\/media\/11412"}],"wp:attachment":[{"href":"https:\/\/amc.gov.co\/amc\/wp-json\/wp\/v2\/media?parent=11393"}],"wp:term":[{"taxonomy":"category","embeddable":true,"href":"https:\/\/amc.gov.co\/amc\/wp-json\/wp\/v2\/categories?post=11393"},{"taxonomy":"post_tag","embeddable":true,"href":"https:\/\/amc.gov.co\/amc\/wp-json\/wp\/v2\/tags?post=11393"}],"curies":[{"name":"wp","href":"https:\/\/api.w.org\/{rel}","templated":true}]}}