{"id":11381,"date":"2022-07-11T14:03:45","date_gmt":"2022-07-11T19:03:45","guid":{"rendered":"https:\/\/amc.gov.co\/amc\/?p=11381"},"modified":"2022-11-02T10:56:52","modified_gmt":"2022-11-02T15:56:52","slug":"convocatoria-elecciones-empleados","status":"publish","type":"post","link":"https:\/\/amc.gov.co\/amc\/convocatoria-elecciones-empleados\/","title":{"rendered":"Convocatoria Elecciones Empleados"},"content":{"rendered":"<div class=\"vce-row-container\"><div class=\"vce-row vce-row--col-gap-30 vce-row-equal-height vce-row-content--top\" data-vce-full-width=\"true\" data-vce-stretch-content=\"true\" id=\"el-d987a71b\" data-vce-do-apply=\"all el-d987a71b\"><div class=\"vce-content-background-container\"><\/div><div class=\"vce-row-content\" data-vce-element-content=\"true\"><div class=\"vce-col vce-col--md-34p vce-col--xs-1 vce-col--xs-last vce-col--xs-first vce-col--sm-last vce-col--sm-first vce-col--md-first vce-col--lg-first vce-col--xl-first\" id=\"el-31823185\"><div class=\"vce-col-inner\" data-vce-do-apply=\"border margin background  el-31823185\"><div class=\"vce-col-content\" data-vce-element-content=\"true\" data-vce-do-apply=\"padding el-31823185\"><div class=\"vce-row-container\"><div class=\"vce-row vce-row--col-gap-30 vce-row-equal-height vce-row-content--top\" data-vce-full-width=\"true\" data-vce-stretch-content=\"true\" id=\"el-7f00e2cf\" data-vce-do-apply=\"all el-7f00e2cf\"><div class=\"vce-row-content\" data-vce-element-content=\"true\"><div class=\"vce-col vce-col--md-auto vce-col--xs-1 vce-col--xs-last vce-col--xs-first vce-col--sm-last vce-col--sm-first vce-col--md-last vce-col--lg-last vce-col--xl-last vce-col--md-first vce-col--lg-first vce-col--xl-first\" id=\"el-1384c1f1\"><div class=\"vce-col-inner\" data-vce-do-apply=\"border margin background  el-1384c1f1\"><div class=\"vce-col-content\" data-vce-element-content=\"true\" data-vce-do-apply=\"padding el-1384c1f1\"><div class=\"vce-text-block\"><div class=\"vce-text-block-wrapper vce\" id=\"el-cf9540ac\" data-vce-do-apply=\"all el-cf9540ac\"><nav aria-label=\"breadcrumb\"><br><ol class=\"breadcrumb gov-co-breadcrumb\"><br><li class=\"breadcrumb-item\"><a href=\"\/\"><i class=\"fas fa-home\"><\/i> Inicio <\/a><\/li><br><li class=\"breadcrumb-item active\" aria-current=\"page\"><a href=\"\/noticias\/\">Noticias<\/a><\/li><br><\/ol><br><\/nav><\/div><\/div><\/div><\/div><\/div><\/div><\/div><\/div><div class=\"vce-image-gallery vce-image-gallery--gap-18 vce-image-gallery--columns-3 vce-image-gallery--border-rounded\"><div class=\"vce-image-gallery-wrapper vce\" id=\"el-8e7cc0db\" data-vce-do-apply=\"all el-8e7cc0db\"><div class=\"vce-image-gallery-list\"><\/div><\/div><\/div><div class=\"vce-single-image-container vce-single-image--align-center\"><div class=\"vce vce-single-image-wrapper\" id=\"el-724fc9f6\" data-vce-do-apply=\"all el-724fc9f6\"><figure><div class=\"vce-single-image-figure-inner\" style=\"width: 539px;\"><div class=\"vce-single-image-inner vce-single-image--absolute vce-single-image--border-rounded\" style=\"width: 100%; padding-bottom: 81.2616%;\"><img loading=\"lazy\" decoding=\"async\" class=\"vce-single-image\"  width=\"539\" height=\"438\" srcset=\"https:\/\/amc.gov.co\/amc\/wp-content\/uploads\/2022\/07\/EleccionesAMC-320x260.png 320w,https:\/\/amc.gov.co\/amc\/wp-content\/uploads\/2022\/07\/EleccionesAMC-480x390.png 480w,https:\/\/amc.gov.co\/amc\/wp-content\/uploads\/2022\/07\/EleccionesAMC-539x438.png 539w\" src=\"https:\/\/amc.gov.co\/amc\/wp-content\/uploads\/2022\/07\/EleccionesAMC-539x438.png\" data-img-src=\"https:\/\/amc.gov.co\/amc\/wp-content\/uploads\/2022\/07\/EleccionesAMC.png\" alt=\"Convocatoria Elecciones Empleados\" title=\"Convocatoria Elecciones Empleados\" \/><\/div><\/div><figcaption hidden=\"\"><\/figcaption><\/figure><\/div><\/div><div class=\"vce-single-image-container vce-single-image--align-center\"><div class=\"vce vce-single-image-wrapper\" id=\"el-6129a716\" data-vce-do-apply=\"all el-6129a716\"><figure><div class=\"vce-single-image-figure-inner\" style=\"width: 1080px;\"><div class=\"vce-single-image-inner vce-single-image--absolute vce-single-image--border-rounded\" style=\"width: 100%; padding-bottom: 157.407%;\"><img loading=\"lazy\" decoding=\"async\" class=\"vce-single-image\"  width=\"1080\" height=\"1700\" srcset=\"https:\/\/amc.gov.co\/amc\/wp-content\/uploads\/2022\/07\/Convocatoria_V-320x504.png 320w,https:\/\/amc.gov.co\/amc\/wp-content\/uploads\/2022\/07\/Convocatoria_V-480x756.png 480w,https:\/\/amc.gov.co\/amc\/wp-content\/uploads\/2022\/07\/Convocatoria_V-800x1259.png 800w,https:\/\/amc.gov.co\/amc\/wp-content\/uploads\/2022\/07\/Convocatoria_V-1080x1700.png 1080w\" src=\"https:\/\/amc.gov.co\/amc\/wp-content\/uploads\/2022\/07\/Convocatoria_V-1080x1700.png\" data-img-src=\"https:\/\/amc.gov.co\/amc\/wp-content\/uploads\/2022\/07\/Convocatoria_V.png\" alt=\"Convocatoria Elecci\u00f3n Representante\" title=\"Convocatoria Elecci\u00f3n Representante\" \/><\/div><\/div><figcaption hidden=\"\"><\/figcaption><\/figure><\/div><\/div><\/div><\/div><\/div><div class=\"vce-col vce-col--md-66p vce-col--xs-1 vce-col--xs-last vce-col--xs-first vce-col--sm-last vce-col--sm-first vce-col--md-last vce-col--lg-last vce-col--xl-last\" id=\"el-c49ee4c5\"><div class=\"vce-col-inner\" data-vce-do-apply=\"border margin background  el-c49ee4c5\"><div class=\"vce-col-content\" data-vce-element-content=\"true\" data-vce-do-apply=\"padding el-c49ee4c5\"><div class=\"vce-text-block\"><div class=\"vce-text-block-wrapper vce\" id=\"el-eaf69303\" data-vce-do-apply=\"all el-eaf69303\"><p>&nbsp;<\/p><p>&nbsp;<\/p><p style=\"text-align: center;\"><strong><span style=\"font-family: Montserrat; font-size: 24pt;\">Convocatoria Elecciones Empleados<\/span><\/strong><\/p><p>&nbsp;<\/p><p>Convocatoria para la elecci\u00f3n de los representantes de los empleados a la comisi\u00f3n de personal del \u00c1rea Metropolitana de C\u00facuta para el periodo 2022-2024<\/p><\/div><\/div><div class=\"vce-shortcode\"><div class=\"vce-shortcode-wrapper vce\" id=\"el-14b46c7f\" data-vce-do-apply=\"all el-14b46c7f\"> <div class='w3eden'><!-- WPDM Link Template: Widget Template -->\n\n<div class=\"media link-template-widget\">\n    <a title=\"001-2022 Circular Informativa Metropolitana \u2013 Convocatoria Elecciones Empleados\" target=\"_blank\" class=\"mr-3 img-48\" href=\"https:\/\/amc.gov.co\/amc\/download\/001-2022-circular-informativa-metropolitana-convocatoria-elecciones-empleados\/\">\n        <img class=\"wpdm_icon\" alt=\"Icono\"   src=\"https:\/\/amc.gov.co\/amc\/wp-content\/plugins\/download-manager\/assets\/file-type-icons\/pdf.svg\" \/>\n    <\/a>\n    <div class=\"media-body\" style=\"text-align:left!important;\">\n        <a title=\"001-2022 Circular Informativa Metropolitana \u2013 Convocatoria Elecciones Empleados\" target=\"_blank\" href=\"https:\/\/amc.gov.co\/amc\/download\/001-2022-circular-informativa-metropolitana-convocatoria-elecciones-empleados\/\" style=\"display: block;clear: bottom;font-size: 11pt;font-weight: bold;\">001-2022 Circular Informativa Metropolitana \u2013 Convocatoria Elecciones Empleados<\/a>\n\t\t\n        <div style=\"font-size: 9pt;Color:#00906B!important;\">\n            <i class=\"fas\"><\/i> 5.86 MB <i class=\"fa ml-3\"><\/i>\n            29 junio, 2022\n\t\t<\/div>\n\t\t<div style=\"font-size: 8pt;\"><strong>Descripcion: <\/strong><p><em>Convocatoria para la elecci\u00f3n de los representantes de los empleados a la comisi\u00f3n de personal del \u00c1rea Metropolitana de C\u00facuta para el periodo 2022-2024.<\/em><\/p>\n<\/div>\n\t\t\n\t\t\t\t\t\n    <\/div>\n\t<div title=\"001-2022 Circular Informativa Metropolitana \u2013 Convocatoria Elecciones Empleados\">\n       <a class='wpdm-download-link download-on-click btn btn-primary ' rel='nofollow' href='#' data-downloadurl=\"https:\/\/amc.gov.co\/amc\/download\/001-2022-circular-informativa-metropolitana-convocatoria-elecciones-empleados\/?wpdmdl=11307&refresh=69f3e365da21f1777591141\">Descargar<\/a>\n    <\/div>\n    \n\n<\/div>\n\n\n<\/div><\/div><\/div><div class=\"vce-text-block\"><div class=\"vce-text-block-wrapper vce\" id=\"el-2bfc4793\" data-vce-do-apply=\"all el-2bfc4793\"><p style=\"text-align: center;\"><strong><span style=\"font-family: Montserrat; font-size: 24pt;\">Lista de Inscritos Comisi\u00f3n de Personal<\/span><\/strong><\/p><\/div><\/div><div class=\"vce-shortcode\"><div class=\"vce-shortcode-wrapper vce\" id=\"el-0da91041\" data-vce-do-apply=\"all el-0da91041\"><div class='w3eden'><!-- WPDM Link Template: Widget Template -->\n\n<div class=\"media link-template-widget\">\n    <a title=\"002-2022 Circular Informativa Metropolitana \u2013 Lista de Inscritos Comisi\u00f3n de Personal\" target=\"_blank\" class=\"mr-3 img-48\" href=\"https:\/\/amc.gov.co\/amc\/download\/lista-de-inscritos-comision-de-personal\/\">\n        <img class=\"wpdm_icon\" alt=\"Icono\"   src=\"https:\/\/amc.gov.co\/amc\/wp-content\/plugins\/download-manager\/assets\/file-type-icons\/pdf.svg\" \/>\n    <\/a>\n    <div class=\"media-body\" style=\"text-align:left!important;\">\n        <a title=\"002-2022 Circular Informativa Metropolitana \u2013 Lista de Inscritos Comisi\u00f3n de Personal\" target=\"_blank\" href=\"https:\/\/amc.gov.co\/amc\/download\/lista-de-inscritos-comision-de-personal\/\" style=\"display: block;clear: bottom;font-size: 11pt;font-weight: bold;\">002-2022 Circular Informativa Metropolitana \u2013 Lista de Inscritos Comisi\u00f3n de Personal<\/a>\n\t\t\n        <div style=\"font-size: 9pt;Color:#00906B!important;\">\n            <i class=\"fas\"><\/i> 941 Kb <i class=\"fa ml-3\"><\/i>\n            11 julio, 2022\n\t\t<\/div>\n\t\t<div style=\"font-size: 8pt;\"><strong>Descripcion: <\/strong><p>Personal inscrito para la convocatoria de Representante de los empleados, cumpliendo los requisitos de carrera administrativa se\u00f1aladas en el Numeral 2\u00b0 de la Convocatoria.<\/p>\n<\/div>\n\t\t\n\t\t\t\t\t\n    <\/div>\n\t<div title=\"002-2022 Circular Informativa Metropolitana \u2013 Lista de Inscritos Comisi\u00f3n de Personal\">\n       <a class='wpdm-download-link download-on-click btn btn-primary ' rel='nofollow' href='#' data-downloadurl=\"https:\/\/amc.gov.co\/amc\/download\/lista-de-inscritos-comision-de-personal\/?wpdmdl=11379&refresh=69f3e365e339e1777591141\">Descargar<\/a>\n    <\/div>\n    \n\n<\/div>\n\n\n<\/div><\/div><\/div><div class=\"vce-text-block\"><div class=\"vce-text-block-wrapper vce\" id=\"el-b22dd3d0\" data-vce-do-apply=\"all el-b22dd3d0\"><p style=\"text-align: center;\">\u2022&nbsp;Sandra Leonor Delgado Bautista&nbsp;\u2022 Claudia Patricia Anaya Perez&nbsp;\u2022&nbsp;Ana Dolores Heredia Pe\u00f1a \u2022 Beatriz C\u00e1rdenas de Lizarazo<\/p><\/div><\/div><div class=\"vce-text-block\"><div class=\"vce-text-block-wrapper vce\" id=\"el-b704cddd\" data-vce-do-apply=\"all el-b704cddd\"><p style=\"text-align: center;\"><strong><span style=\"font-family: Montserrat; font-size: 24pt;\">Listado de Votantes<\/span><\/strong><\/p><p style=\"text-align: center;\">Personal Apto para sufragar en las elecciones.<\/p><p style=\"text-align: center;\">\u2022 Beatriz C\u00e1rdenas de Lizarazo \u2022 Jorge Alberto Le\u00f3n&nbsp;Garz\u00f3n \u2022 Claudia Patricia Anaya Perez \u2022 Ana Dolores Heredia Pe\u00f1a \u2022 Diana Roci\u00f3 Hernandez Camacho \u2022 Miguel Enrique Pe\u00f1aranda Canal \u2022 Elizabeth Arguello Pulido \u2022 Jose Dolores Sanchez Hurtado \u2022 Maria Jimena Duran Pe\u00f1a \u2022 Natalia Galavis Madrigal \u2022 Sandra Leonor Delgado Bautista \u2022 Edilma Corredor Hernandez \u2022 Alvaro Luis Alvarez Prado \u2022 Bierman Suarez Martinez \u2022 Luis Vidal Pitta Correa \u2022 Francisco Esteban Rodriguez Isidro \u2022 Yeudy Sep\u00falveda Botero&nbsp;<\/p><\/div><\/div><div class=\"vce-shortcode\"><div class=\"vce-shortcode-wrapper vce\" id=\"el-becd3cb4\" data-vce-do-apply=\"all el-becd3cb4\"><div class='w3eden'><!-- WPDM Link Template: Widget Template -->\n\n<div class=\"media link-template-widget\">\n    <a title=\"Listado de Votantes\" target=\"_blank\" class=\"mr-3 img-48\" href=\"https:\/\/amc.gov.co\/amc\/download\/listado-de-votantes\/\">\n        <img class=\"wpdm_icon\" alt=\"Icono\"   src=\"https:\/\/amc.gov.co\/amc\/wp-content\/plugins\/download-manager\/assets\/file-type-icons\/pdf.svg\" \/>\n    <\/a>\n    <div class=\"media-body\" style=\"text-align:left!important;\">\n        <a title=\"Listado de Votantes\" target=\"_blank\" href=\"https:\/\/amc.gov.co\/amc\/download\/listado-de-votantes\/\" style=\"display: block;clear: bottom;font-size: 11pt;font-weight: bold;\">Listado de Votantes<\/a>\n\t\t\n        <div style=\"font-size: 9pt;Color:#00906B!important;\">\n            <i class=\"fas\"><\/i> 1.10 Mb <i class=\"fa ml-3\"><\/i>\n            12 julio, 2022\n\t\t<\/div>\n\t\t<div style=\"font-size: 8pt;\"><strong>Descripcion: <\/strong><p><em>Listado de personal apto para sufragar en las elecciones de Representante de Empleados a la Comisi\u00f3n de Personal del \u00c1rea Metropolitana de C\u00facuta.<\/em><\/p>\n<\/div>\n\t\t\n\t\t\t\t\t\n    <\/div>\n\t<div title=\"Listado de Votantes\">\n       <a class='wpdm-download-link download-on-click btn btn-primary ' rel='nofollow' href='#' data-downloadurl=\"https:\/\/amc.gov.co\/amc\/download\/listado-de-votantes\/?wpdmdl=11414&refresh=69f3e365ec0281777591141\">Descargar<\/a>\n    <\/div>\n    \n\n<\/div>\n\n\n<\/div><\/div><\/div><div class=\"vce-text-block\"><div class=\"vce-text-block-wrapper vce\" id=\"el-4a417fca\" data-vce-do-apply=\"all el-4a417fca\"><h2 style=\"text-align: center;\"><strong><span style=\"font-family: Montserrat; font-size: 24pt;\">Designaci\u00f3n de Jurados<\/span><\/strong><\/h2><p>\u2022 Francisco Esteban Rodriguez Isidro&nbsp;\u2022 Yeudy Sep\u00falveda Botero&nbsp;<\/p><\/div><\/div><div class=\"vce-shortcode\"><div class=\"vce-shortcode-wrapper vce\" id=\"el-82b200e6\" data-vce-do-apply=\"all el-82b200e6\"><div class='w3eden'><!-- WPDM Link Template: Widget Template -->\n\n<div class=\"media link-template-widget\">\n    <a title=\"Designaci\u00f3n de Jurados - Elecciones Representante de Empleados\" target=\"_blank\" class=\"mr-3 img-48\" href=\"https:\/\/amc.gov.co\/amc\/download\/designacion-de-jurados-elecciones-representante-de-empleados\/\">\n        <img class=\"wpdm_icon\" alt=\"Icono\"   src=\"https:\/\/amc.gov.co\/amc\/wp-content\/plugins\/download-manager\/assets\/file-type-icons\/pdf.svg\" \/>\n    <\/a>\n    <div class=\"media-body\" style=\"text-align:left!important;\">\n        <a title=\"Designaci\u00f3n de Jurados - Elecciones Representante de Empleados\" target=\"_blank\" href=\"https:\/\/amc.gov.co\/amc\/download\/designacion-de-jurados-elecciones-representante-de-empleados\/\" style=\"display: block;clear: bottom;font-size: 11pt;font-weight: bold;\">Designaci\u00f3n de Jurados - Elecciones Representante de Empleados<\/a>\n\t\t\n        <div style=\"font-size: 9pt;Color:#00906B!important;\">\n            <i class=\"fas\"><\/i> 1,06 MB <i class=\"fa ml-3\"><\/i>\n            14 julio, 2022\n\t\t<\/div>\n\t\t<div style=\"font-size: 8pt;\"><strong>Descripcion: <\/strong><p>Des\u00edgnese como jurados para la elecci\u00f3n de los representantes de los empleados ante la Comisi\u00f3n de Personal del \u00c1rea Metropolitana de C\u00facuta.<\/p>\n<\/div>\n\t\t\n\t\t\t\t\t\n    <\/div>\n\t<div title=\"Designaci\u00f3n de Jurados - Elecciones Representante de Empleados\">\n       <a class='wpdm-download-link download-on-click btn btn-primary ' rel='nofollow' href='#' data-downloadurl=\"https:\/\/amc.gov.co\/amc\/download\/designacion-de-jurados-elecciones-representante-de-empleados\/?wpdmdl=11426&refresh=69f3e365ef27b1777591141\">Descargar<\/a>\n    <\/div>\n    \n\n<\/div>\n\n\n<\/div><\/div><\/div><\/div><\/div><\/div><\/div><\/div><\/div><div class=\"vce-row-container\"><div class=\"vce-row vce-element--has-background vce-row--col-gap-30 vce-row-content--top\" data-vce-full-width=\"true\" data-vce-stretch-content=\"true\" id=\"el-00fc3b0e\" data-vce-do-apply=\"all el-00fc3b0e\"><div class=\"vce-content-background-container\"><div class=\"vce-asset-background-simple-container vce-visible-all-only vce-asset-background-simple--style-cover vce-asset-background-simple--position-center-top\"><div class=\"vce-asset-background-simple\">\r\n              <div class=\"vce-asset-background-simple-item vcv-lozad\" data-background-image=\"https:\/\/www.aunap.gov.co\/wp-content\/uploads\/2021\/08\/fondo-contadores.png\"><\/div>\r\n              <noscript>\r\n                <div class=\"vce-asset-background-simple-item\" style=\"background-image: url(https:\/\/www.aunap.gov.co\/wp-content\/uploads\/2021\/08\/fondo-contadores.png)\"><\/div>\r\n              <\/noscript>\r\n            <\/div><\/div><\/div><div class=\"vce-row-content\" data-vce-element-content=\"true\"><div class=\"vce-col vce-col--md-auto vce-col--xs-1 vce-col--xs-last vce-col--xs-first vce-col--sm-last vce-col--sm-first vce-col--md-first vce-col--lg-first vce-col--xl-first\" id=\"el-9e4396bb\"><div class=\"vce-col-inner\" data-vce-do-apply=\"border margin background  el-9e4396bb\"><div class=\"vce-col-content\" data-vce-element-content=\"true\" data-vce-do-apply=\"padding el-9e4396bb\"><div class=\"vce-text-block\"><div class=\"vce-text-block-wrapper vce\" id=\"el-ab53a856\" data-vce-do-apply=\"all el-ab53a856\"><ul class=\"section-imprimir\"><br> \t<li class=\"share-print\" role=\"presentation\"><a title=\"Imprimir\" href=\"javascript:window.print(); void 0;\"><span class=\"fa fa-print fa-2x\" aria-hidden=\"true\"><\/span><span class=\"hidden\">Imprimir<\/span><\/a><\/li><br><\/ul><\/div><\/div><\/div><\/div><\/div><div class=\"vce-col vce-col--md-auto vce-col--xs-1 vce-col--xs-last vce-col--xs-first vce-col--sm-last vce-col--sm-first vce-col--md-last vce-col--lg-last vce-col--xl-last\" id=\"el-fdf2269c\"><div class=\"vce-col-inner\" data-vce-do-apply=\"border margin background  el-fdf2269c\"><div class=\"vce-col-content\" data-vce-element-content=\"true\" data-vce-do-apply=\"padding el-fdf2269c\"><div class=\"vce-text-block\"><div class=\"vce-text-block-wrapper vce\" id=\"el-dc4a720e\" data-vce-do-apply=\"all el-dc4a720e\"><div class=\"section-count\">N\u00famero de visitas a esta p\u00e1gina 0<br>Fecha de publicaci\u00f3n 11 julio, 2022<br>\u00daltima modificaci\u00f3n 2 noviembre, 2022<\/div><\/div><\/div><\/div><\/div><\/div><\/div><\/div><\/div>\n","protected":false},"excerpt":{"rendered":"<p>Inicio Noticias&nbsp;&nbsp;Convocatoria Elecciones Empleados&nbsp;Convocatoria para la elecci\u00f3n de los representantes de los empleados a la comisi\u00f3n de personal del \u00c1rea Metropolitana de C\u00facuta para el periodo 2022-2024 Lista de Inscritos Comisi\u00f3n de Personal\u2022&nbsp;Sandra Leonor Delgado Bautista&nbsp;\u2022 Claudia Patricia Anaya Perez&nbsp;\u2022&nbsp;Ana Dolores Heredia Pe\u00f1a \u2022 Beatriz C\u00e1rdenas de LizarazoListado de VotantesPersonal Apto para sufragar en las&hellip; <a class=\"more-link\" href=\"https:\/\/amc.gov.co\/amc\/convocatoria-elecciones-empleados\/\">Seguir leyendo <span class=\"screen-reader-text\">Convocatoria Elecciones Empleados<\/span><\/a><\/p>\n","protected":false},"author":3,"featured_media":11382,"comment_status":"closed","ping_status":"closed","sticky":false,"template":"","format":"image","meta":{"footnotes":"","_joinchat":[]},"categories":[1],"tags":[],"_links":{"self":[{"href":"https:\/\/amc.gov.co\/amc\/wp-json\/wp\/v2\/posts\/11381"}],"collection":[{"href":"https:\/\/amc.gov.co\/amc\/wp-json\/wp\/v2\/posts"}],"about":[{"href":"https:\/\/amc.gov.co\/amc\/wp-json\/wp\/v2\/types\/post"}],"author":[{"embeddable":true,"href":"https:\/\/amc.gov.co\/amc\/wp-json\/wp\/v2\/users\/3"}],"replies":[{"embeddable":true,"href":"https:\/\/amc.gov.co\/amc\/wp-json\/wp\/v2\/comments?post=11381"}],"version-history":[{"count":19,"href":"https:\/\/amc.gov.co\/amc\/wp-json\/wp\/v2\/posts\/11381\/revisions"}],"predecessor-version":[{"id":11431,"href":"https:\/\/amc.gov.co\/amc\/wp-json\/wp\/v2\/posts\/11381\/revisions\/11431"}],"wp:featuredmedia":[{"embeddable":true,"href":"https:\/\/amc.gov.co\/amc\/wp-json\/wp\/v2\/media\/11382"}],"wp:attachment":[{"href":"https:\/\/amc.gov.co\/amc\/wp-json\/wp\/v2\/media?parent=11381"}],"wp:term":[{"taxonomy":"category","embeddable":true,"href":"https:\/\/amc.gov.co\/amc\/wp-json\/wp\/v2\/categories?post=11381"},{"taxonomy":"post_tag","embeddable":true,"href":"https:\/\/amc.gov.co\/amc\/wp-json\/wp\/v2\/tags?post=11381"}],"curies":[{"name":"wp","href":"https:\/\/api.w.org\/{rel}","templated":true}]}}