{"id":10941,"date":"2022-05-11T16:27:02","date_gmt":"2022-05-11T21:27:02","guid":{"rendered":"https:\/\/amc.gov.co\/amc\/?p=10941"},"modified":"2024-09-25T12:47:16","modified_gmt":"2024-09-25T17:47:16","slug":"colegio_belen","status":"publish","type":"post","link":"https:\/\/amc.gov.co\/amc\/colegio_belen\/","title":{"rendered":"Colegio Nuestra Se\u00f1ora de Bel\u00e9n"},"content":{"rendered":"<div class=\"vce-row-container\"><div class=\"vce-row vce-row--col-gap-30 vce-row-equal-height vce-row-content--top\" data-vce-full-width=\"true\" data-vce-stretch-content=\"true\" id=\"el-d987a71b\" data-vce-do-apply=\"all el-d987a71b\"><div class=\"vce-content-background-container\"><\/div><div class=\"vce-row-content\" data-vce-element-content=\"true\"><div class=\"vce-col vce-col--md-auto vce-col--xs-1 vce-col--xs-last vce-col--xs-first vce-col--sm-last vce-col--sm-first vce-col--md-last vce-col--lg-last vce-col--xl-last vce-col--md-first vce-col--lg-first vce-col--xl-first\" id=\"el-31823185\"><div class=\"vce-col-inner\" data-vce-do-apply=\"border margin background  el-31823185\"><div class=\"vce-col-content\" data-vce-element-content=\"true\" data-vce-do-apply=\"padding el-31823185\"><div class=\"vce-row-container\"><div class=\"vce-row vce-row--col-gap-30 vce-row-equal-height vce-row-content--top\" data-vce-full-width=\"true\" data-vce-stretch-content=\"true\" id=\"el-7f00e2cf\" data-vce-do-apply=\"all el-7f00e2cf\"><div class=\"vce-row-content\" data-vce-element-content=\"true\"><div class=\"vce-col vce-col--md-auto vce-col--xs-1 vce-col--xs-last vce-col--xs-first vce-col--sm-last vce-col--sm-first vce-col--md-last vce-col--lg-last vce-col--xl-last vce-col--md-first vce-col--lg-first vce-col--xl-first\" id=\"el-1384c1f1\"><div class=\"vce-col-inner\" data-vce-do-apply=\"border margin background  el-1384c1f1\"><div class=\"vce-col-content\" data-vce-element-content=\"true\" data-vce-do-apply=\"padding el-1384c1f1\"><div class=\"vce-text-block\"><div class=\"vce-text-block-wrapper vce\" id=\"el-cf9540ac\" data-vce-do-apply=\"all el-cf9540ac\"><nav aria-label=\"breadcrumb\"><br><ol class=\"breadcrumb gov-co-breadcrumb\"><br><li class=\"breadcrumb-item\"><a href=\"\/\"><i class=\"fas fa-home\"><\/i> Inicio <\/a><\/li><br><li class=\"breadcrumb-item active\" aria-current=\"page\"><a href=\"\/noticias\/\">Noticias<\/a><\/li><br><\/ol><br><\/nav><\/div><\/div><\/div><\/div><\/div><\/div><\/div><\/div><div class=\"vce-text-block\"><div class=\"vce-text-block-wrapper vce\" id=\"el-eaf69303\" data-vce-do-apply=\"all el-eaf69303\"><p style=\"text-align: center;\"><span style=\"color: #28375d;\"><strong><span style=\"font-family: Montserrat; font-size: 24pt;\">&nbsp; &nbsp;C\u00f3mo ser\u00e1 el nuevo Colegio Nuestra Se\u00f1ora de Bel\u00e9n<\/span><\/strong><\/span><\/p>\r\n<p>\u201cEstamos muy contentos por c\u00f3mo ser\u00e1 el nuevo Colegio Nuestra Se\u00f1ora de Bel\u00e9n. Tenemos la plena seguridad que la educaci\u00f3n es la base de una ciudad competitiva, por eso hemos destinado grandes esfuerzos para garantizar una educaci\u00f3n p\u00fablica de calidad\u201d<\/p>\r\n<p>Con esta obra queremos que los j\u00f3venes se eduquen en competencias b\u00e1sicas y \u00e1reas de preferencia. Unas excelentes condiciones de ense\u00f1anza garantizar\u00e1n cerebros dispuestos a pensar y mezclar creatividad con conocimientos.<\/p><\/div><\/div><div class=\"vce-image-gallery vce-image-gallery--gap-18 vce-image-gallery--columns-2 vce-image-gallery--border-rounded\"><div class=\"vce-image-gallery-wrapper vce\" id=\"el-8e7cc0db\" data-vce-do-apply=\"all el-8e7cc0db\"><div class=\"vce-image-gallery-list\"><div class=\"vce-image-gallery-item\"><figure class=\"vce-image-gallery-item-inner-wrapper\"><a href=\"https:\/\/amc.gov.co\/amc\/wp-content\/uploads\/2022\/05\/Colegio-Nuestra-Senora-de-Belen_2.jpeg\" data-lightbox=\"lightbox-8e7cc0db\" class=\"vce-image-gallery-item-inner\"><img decoding=\"async\" class=\"vce-image-gallery-img\" src=\"https:\/\/amc.gov.co\/amc\/wp-content\/uploads\/2022\/05\/Colegio-Nuestra-Senora-de-Belen_2.jpeg\" alt=\"Colegio Nuestra Se\u00f1ora de Bel\u00e9n\" title=\"Colegio Nuestra Se\u00f1ora de Bel\u00e9n_2\"><\/a><\/figure><\/div><div class=\"vce-image-gallery-item\"><figure class=\"vce-image-gallery-item-inner-wrapper\"><a href=\"https:\/\/amc.gov.co\/amc\/wp-content\/uploads\/2022\/05\/Colegio-Nuestra-Senora-de-Belen.jpeg\" data-lightbox=\"lightbox-8e7cc0db\" class=\"vce-image-gallery-item-inner\"><img decoding=\"async\" class=\"vce-image-gallery-img\" src=\"https:\/\/amc.gov.co\/amc\/wp-content\/uploads\/2022\/05\/Colegio-Nuestra-Senora-de-Belen-1024x576.jpeg\" alt=\"Colegio Nuestra Se\u00f1ora de Bel\u00e9n\" title=\"Colegio Nuestra Se\u00f1ora de Bel\u00e9n\"><\/a><\/figure><\/div><\/div><\/div><\/div><\/div><\/div><\/div><\/div><\/div><\/div><div class=\"vce-row-container\" data-vce-boxed-width=\"true\"><div class=\"vce-row vce-row--col-gap-30 vce-row-equal-height vce-row-content--top\" id=\"el-592f907d\" data-vce-do-apply=\"all el-592f907d\"><div class=\"vce-row-content\" data-vce-element-content=\"true\"><div class=\"vce-col vce-col--md-auto vce-col--xs-1 vce-col--xs-last vce-col--xs-first vce-col--sm-last vce-col--sm-first vce-col--md-last vce-col--lg-last vce-col--xl-last vce-col--md-first vce-col--lg-first vce-col--xl-first\" id=\"el-484e8490\"><div class=\"vce-col-inner\" data-vce-do-apply=\"border margin background  el-484e8490\"><div class=\"vce-col-content\" data-vce-element-content=\"true\" data-vce-do-apply=\"padding el-484e8490\"><div><\/div><\/div><\/div><\/div><\/div><\/div><\/div><div class=\"vce-row-container\"><div class=\"vce-row vce-element--has-background vce-row--col-gap-30 vce-row-content--top\" data-vce-full-width=\"true\" data-vce-stretch-content=\"true\" id=\"el-00fc3b0e\" data-vce-do-apply=\"all el-00fc3b0e\"><div class=\"vce-content-background-container\"><div class=\"vce-asset-background-simple-container vce-visible-all-only vce-asset-background-simple--style-cover vce-asset-background-simple--position-center-top\"><div class=\"vce-asset-background-simple\">\r\n              <div class=\"vce-asset-background-simple-item vcv-lozad\" data-background-image=\"https:\/\/www.aunap.gov.co\/wp-content\/uploads\/2021\/08\/fondo-contadores.png\"><\/div>\r\n              <noscript>\r\n                <div class=\"vce-asset-background-simple-item\" style=\"background-image: url(https:\/\/www.aunap.gov.co\/wp-content\/uploads\/2021\/08\/fondo-contadores.png)\"><\/div>\r\n              <\/noscript>\r\n            <\/div><\/div><\/div><div class=\"vce-row-content\" data-vce-element-content=\"true\"><div class=\"vce-col vce-col--md-auto vce-col--xs-1 vce-col--xs-last vce-col--xs-first vce-col--sm-last vce-col--sm-first vce-col--md-first vce-col--lg-first vce-col--xl-first\" id=\"el-9e4396bb\"><div class=\"vce-col-inner\" data-vce-do-apply=\"border margin background  el-9e4396bb\"><div class=\"vce-col-content\" data-vce-element-content=\"true\" data-vce-do-apply=\"padding el-9e4396bb\"><div class=\"vce-text-block\"><div class=\"vce-text-block-wrapper vce\" id=\"el-ab53a856\" data-vce-do-apply=\"all el-ab53a856\"><ul class=\"section-imprimir\"><br> \t<li class=\"share-print\" role=\"presentation\"><a title=\"Imprimir\" href=\"javascript:window.print(); void 0;\"><span class=\"fa fa-print fa-2x\" aria-hidden=\"true\"><\/span><span class=\"hidden\">Imprimir<\/span><\/a><\/li><br><\/ul><\/div><\/div><\/div><\/div><\/div><div class=\"vce-col vce-col--md-auto vce-col--xs-1 vce-col--xs-last vce-col--xs-first vce-col--sm-last vce-col--sm-first vce-col--md-last vce-col--lg-last vce-col--xl-last\" id=\"el-fdf2269c\"><div class=\"vce-col-inner\" data-vce-do-apply=\"border margin background  el-fdf2269c\"><div class=\"vce-col-content\" data-vce-element-content=\"true\" data-vce-do-apply=\"padding el-fdf2269c\"><div class=\"vce-text-block\"><div class=\"vce-text-block-wrapper vce\" id=\"el-dc4a720e\" data-vce-do-apply=\"all el-dc4a720e\"><div class=\"section-count\">N\u00famero de visitas a esta p\u00e1gina 0<br>Fecha de publicaci\u00f3n 11 mayo, 2022<br>\u00daltima modificaci\u00f3n 25 septiembre, 2024<\/div><\/div><\/div><\/div><\/div><\/div><\/div><\/div><\/div>","protected":false},"excerpt":{"rendered":"","protected":false},"author":3,"featured_media":10942,"comment_status":"closed","ping_status":"closed","sticky":false,"template":"","format":"image","meta":{"footnotes":"","_joinchat":[]},"categories":[12,11,13],"tags":[],"_links":{"self":[{"href":"https:\/\/amc.gov.co\/amc\/wp-json\/wp\/v2\/posts\/10941"}],"collection":[{"href":"https:\/\/amc.gov.co\/amc\/wp-json\/wp\/v2\/posts"}],"about":[{"href":"https:\/\/amc.gov.co\/amc\/wp-json\/wp\/v2\/types\/post"}],"author":[{"embeddable":true,"href":"https:\/\/amc.gov.co\/amc\/wp-json\/wp\/v2\/users\/3"}],"replies":[{"embeddable":true,"href":"https:\/\/amc.gov.co\/amc\/wp-json\/wp\/v2\/comments?post=10941"}],"version-history":[{"count":5,"href":"https:\/\/amc.gov.co\/amc\/wp-json\/wp\/v2\/posts\/10941\/revisions"}],"predecessor-version":[{"id":11885,"href":"https:\/\/amc.gov.co\/amc\/wp-json\/wp\/v2\/posts\/10941\/revisions\/11885"}],"wp:featuredmedia":[{"embeddable":true,"href":"https:\/\/amc.gov.co\/amc\/wp-json\/wp\/v2\/media\/10942"}],"wp:attachment":[{"href":"https:\/\/amc.gov.co\/amc\/wp-json\/wp\/v2\/media?parent=10941"}],"wp:term":[{"taxonomy":"category","embeddable":true,"href":"https:\/\/amc.gov.co\/amc\/wp-json\/wp\/v2\/categories?post=10941"},{"taxonomy":"post_tag","embeddable":true,"href":"https:\/\/amc.gov.co\/amc\/wp-json\/wp\/v2\/tags?post=10941"}],"curies":[{"name":"wp","href":"https:\/\/api.w.org\/{rel}","templated":true}]}}