{"id":10880,"date":"2022-05-05T21:50:17","date_gmt":"2022-05-06T02:50:17","guid":{"rendered":"https:\/\/amc.gov.co\/amc\/?p=10880"},"modified":"2024-09-25T12:47:20","modified_gmt":"2024-09-25T17:47:20","slug":"foro_movilidad_urbana2022","status":"publish","type":"post","link":"https:\/\/amc.gov.co\/amc\/foro_movilidad_urbana2022\/","title":{"rendered":"Foro Experiencias Exitosas de Movilidad Urbana"},"content":{"rendered":"<div class=\"vce-row-container\"><div class=\"vce-row vce-row--col-gap-30 vce-row-equal-height vce-row-content--top\" data-vce-full-width=\"true\" data-vce-stretch-content=\"true\" id=\"el-d987a71b\" data-vce-do-apply=\"all el-d987a71b\"><div class=\"vce-content-background-container\"><\/div><div class=\"vce-row-content\" data-vce-element-content=\"true\"><div class=\"vce-col vce-col--md-auto vce-col--xs-1 vce-col--xs-last vce-col--xs-first vce-col--sm-last vce-col--sm-first vce-col--md-last vce-col--lg-last vce-col--xl-last vce-col--md-first vce-col--lg-first vce-col--xl-first\" id=\"el-31823185\"><div class=\"vce-col-inner\" data-vce-do-apply=\"border margin background  el-31823185\"><div class=\"vce-col-content\" data-vce-element-content=\"true\" data-vce-do-apply=\"padding el-31823185\"><div class=\"vce-row-container\"><div class=\"vce-row vce-row--col-gap-30 vce-row-equal-height vce-row-content--top\" data-vce-full-width=\"true\" data-vce-stretch-content=\"true\" id=\"el-7f00e2cf\" data-vce-do-apply=\"all el-7f00e2cf\"><div class=\"vce-row-content\" data-vce-element-content=\"true\"><div class=\"vce-col vce-col--md-auto vce-col--xs-1 vce-col--xs-last vce-col--xs-first vce-col--sm-last vce-col--sm-first vce-col--md-last vce-col--lg-last vce-col--xl-last vce-col--md-first vce-col--lg-first vce-col--xl-first\" id=\"el-1384c1f1\"><div class=\"vce-col-inner\" data-vce-do-apply=\"border margin background  el-1384c1f1\"><div class=\"vce-col-content\" data-vce-element-content=\"true\" data-vce-do-apply=\"padding el-1384c1f1\"><div class=\"vce-text-block\"><div class=\"vce-text-block-wrapper vce\" id=\"el-cf9540ac\" data-vce-do-apply=\"all el-cf9540ac\"><nav aria-label=\"breadcrumb\"><br><ol class=\"breadcrumb gov-co-breadcrumb\"><br><li class=\"breadcrumb-item\"><a href=\"\/\"><i class=\"fas fa-home\"><\/i> Inicio <\/a><\/li><br><li class=\"breadcrumb-item active\" aria-current=\"page\"><a href=\"\/noticias\/\">Noticias<\/a><\/li><br><\/ol><br><\/nav><\/div><\/div><\/div><\/div><\/div><\/div><\/div><\/div><div class=\"vce-text-block\"><div class=\"vce-text-block-wrapper vce\" id=\"el-eaf69303\" data-vce-do-apply=\"all el-eaf69303\"><p style=\"text-align: center;\"><span style=\"color: #28375d;\"><strong><span style=\"font-family: Montserrat; font-size: 24pt;\">&nbsp; CON GRAN ACOGIDA SE ADELANT\u00d3 EL FORO 'EXPERIENCIAS EXITOSAS DE MOVILIDAD URBANA'<\/span><\/strong><\/span><\/p>\r\n<ul>\r\n<li>M\u00e1s de 130 personas asistieron a este evento que se realiz\u00f3 en la UFPS.<\/li>\r\n<li>Con ponentes nacionales e internacionales se visibilizaron estrategias de financiaci\u00f3n e implementaci\u00f3n de alternativas de movilidad incluyentes, sostenibles y exitosas.<\/li>\r\n<\/ul>\r\n<p>San Jos\u00e9 de C\u00facuta, mayo 06 de 2022 (@alcaldiacucuta). El foro 'Experiencias Exitosas de Movilidad Urbana', realizado en el marco de la estructuraci\u00f3n del Plan de Movilidad Segura y Sostenible, fue un \u00e9xito en el que la Alcald\u00eda de C\u00facuta, el \u00c1rea Metropolitana de C\u00facuta, Findeter y la firma Cal y Mayor Deloitte han venido trabajando articuladamente.<\/p>\r\n<p>Durante el evento se habl\u00f3 de la evoluci\u00f3n, cofinanciaci\u00f3n y funcionamiento de proyectos de movilidad y transporte urbano a nivel nacional e internacional. Adem\u00e1s, los sistemas de recaudo y la implementaci\u00f3n de veh\u00edculos el\u00e9ctricos para el transporte p\u00fablico tambi\u00e9n hicieron parte de la agenda.&nbsp;<\/p>\r\n<p>\"Esta es una oportunidad para aprender de las experiencias exitosas de otras ciudades y para identificar c\u00f3mo gestionar el financiamiento de la modernizaci\u00f3n del sistema de Transporte\u201d manifest\u00f3 Luis Vidal Pitta, subdirector de Transporte P\u00fablico del AMC.<\/p>\r\n<p>Este espacio, que cont\u00f3 con la presencia de ponentes internacionales, vincul\u00f3 a m\u00e1s de 130 personas entre las cuales se encontraban representantes de todos los sectores involucrados en las din\u00e1micas de movilidad de la ciudad.<\/p>\r\n<p>\"Queremos transformar la movilidad en C\u00facuta y su \u00e1rea metropolitana, por eso estamos construyendo un plan de movilidad incluyente, en el que tenga prelaci\u00f3n la vida y el espacio para los actores viales m\u00e1s vulnerables&nbsp; que son el peat\u00f3n y el ciclista, para esto, as\u00ed como hoy, se han adelantado mesas de trabajo con representantes de la poblaci\u00f3n en condici\u00f3n de discapacidad, el sector p\u00fablico y privado, encuestas en v\u00eda y en hogar y adem\u00e1s, hoy contamos con la participaci\u00f3n de estudiantes de la UFPS. Estamos involucrando a todos los actores de la movilidad en un proceso de estructuraci\u00f3n participativo\" puntualiz\u00f3 Mayid Gene, secretario de Tr\u00e1nsito y Transporte.&nbsp;&nbsp;<\/p>\r\n<p>Se espera seguir fortaleciendo estas iniciativas que promueven la participaci\u00f3n de la ciudadan\u00eda en la toma de decisiones y permiten tener una visi\u00f3n a largo plazo sobre la movilidad en la ciudad.<\/p><\/div><\/div><div class=\"vce-image-gallery vce-image-gallery--gap-20 vce-image-gallery--columns-3 vce-image-gallery--border-rounded\"><div class=\"vce-image-gallery-wrapper vce\" id=\"el-8e7cc0db\" data-vce-do-apply=\"all el-8e7cc0db\"><div class=\"vce-image-gallery-list\"><div class=\"vce-image-gallery-item\"><figure class=\"vce-image-gallery-item-inner-wrapper\"><a href=\"https:\/\/amc.gov.co\/amc\/wp-content\/uploads\/2022\/05\/Foro-Experiencias-exitosas-de-Movilidad-Urbana_3.jpeg\" data-lightbox=\"lightbox-8e7cc0db\" class=\"vce-image-gallery-item-inner\"><img decoding=\"async\" class=\"vce-image-gallery-img\" src=\"https:\/\/amc.gov.co\/amc\/wp-content\/uploads\/2022\/05\/Foro-Experiencias-exitosas-de-Movilidad-Urbana_3-1024x1024.jpeg\" alt=\"\" title=\"Foro Experiencias exitosas de Movilidad Urbana_3\"><\/a><\/figure><\/div><div class=\"vce-image-gallery-item\"><figure class=\"vce-image-gallery-item-inner-wrapper\"><a href=\"https:\/\/amc.gov.co\/amc\/wp-content\/uploads\/2022\/05\/Foro-Experiencias-exitosas-de-Movilidad-Urbana_2.jpeg\" data-lightbox=\"lightbox-8e7cc0db\" class=\"vce-image-gallery-item-inner\"><img decoding=\"async\" class=\"vce-image-gallery-img\" src=\"https:\/\/amc.gov.co\/amc\/wp-content\/uploads\/2022\/05\/Foro-Experiencias-exitosas-de-Movilidad-Urbana_2-1024x1024.jpeg\" alt=\"\" title=\"Foro Experiencias exitosas de Movilidad Urbana_2\"><\/a><\/figure><\/div><div class=\"vce-image-gallery-item\"><figure class=\"vce-image-gallery-item-inner-wrapper\"><a href=\"https:\/\/amc.gov.co\/amc\/wp-content\/uploads\/2022\/05\/Foro-Experiencias-exitosas-de-Movilidad-Urbana.jpeg\" data-lightbox=\"lightbox-8e7cc0db\" class=\"vce-image-gallery-item-inner\"><img decoding=\"async\" class=\"vce-image-gallery-img\" src=\"https:\/\/amc.gov.co\/amc\/wp-content\/uploads\/2022\/05\/Foro-Experiencias-exitosas-de-Movilidad-Urbana-1024x1024.jpeg\" alt=\"Foro Experiencias exitosas de Movilidad Urbana\" title=\"Foro Experiencias exitosas de Movilidad Urbana\"><\/a><\/figure><\/div><\/div><\/div><\/div><\/div><\/div><\/div><\/div><\/div><\/div><div class=\"vce-row-container\" data-vce-boxed-width=\"true\"><div class=\"vce-row vce-row--col-gap-30 vce-row-equal-height vce-row-content--top\" id=\"el-592f907d\" data-vce-do-apply=\"all el-592f907d\"><div class=\"vce-row-content\" data-vce-element-content=\"true\"><div class=\"vce-col vce-col--md-auto vce-col--xs-1 vce-col--xs-last vce-col--xs-first vce-col--sm-last vce-col--sm-first vce-col--md-last vce-col--lg-last vce-col--xl-last vce-col--md-first vce-col--lg-first vce-col--xl-first\" id=\"el-484e8490\"><div class=\"vce-col-inner\" data-vce-do-apply=\"border margin background  el-484e8490\"><div class=\"vce-col-content\" data-vce-element-content=\"true\" data-vce-do-apply=\"padding el-484e8490\"><div><\/div><\/div><\/div><\/div><\/div><\/div><\/div><div class=\"vce-row-container\"><div class=\"vce-row vce-element--has-background vce-row--col-gap-30 vce-row-content--top\" data-vce-full-width=\"true\" data-vce-stretch-content=\"true\" id=\"el-00fc3b0e\" data-vce-do-apply=\"all el-00fc3b0e\"><div class=\"vce-content-background-container\"><div class=\"vce-asset-background-simple-container vce-visible-all-only vce-asset-background-simple--style-cover vce-asset-background-simple--position-center-top\"><div class=\"vce-asset-background-simple\">\r\n              <div class=\"vce-asset-background-simple-item vcv-lozad\" data-background-image=\"https:\/\/www.aunap.gov.co\/wp-content\/uploads\/2021\/08\/fondo-contadores.png\"><\/div>\r\n              <noscript>\r\n                <div class=\"vce-asset-background-simple-item\" style=\"background-image: url(https:\/\/www.aunap.gov.co\/wp-content\/uploads\/2021\/08\/fondo-contadores.png)\"><\/div>\r\n              <\/noscript>\r\n            <\/div><\/div><\/div><div class=\"vce-row-content\" data-vce-element-content=\"true\"><div class=\"vce-col vce-col--md-auto vce-col--xs-1 vce-col--xs-last vce-col--xs-first vce-col--sm-last vce-col--sm-first vce-col--md-first vce-col--lg-first vce-col--xl-first\" id=\"el-9e4396bb\"><div class=\"vce-col-inner\" data-vce-do-apply=\"border margin background  el-9e4396bb\"><div class=\"vce-col-content\" data-vce-element-content=\"true\" data-vce-do-apply=\"padding el-9e4396bb\"><div class=\"vce-text-block\"><div class=\"vce-text-block-wrapper vce\" id=\"el-ab53a856\" data-vce-do-apply=\"all el-ab53a856\"><ul class=\"section-imprimir\"><br> \t<li class=\"share-print\" role=\"presentation\"><a title=\"Imprimir\" href=\"javascript:window.print(); void 0;\"><span class=\"fa fa-print fa-2x\" aria-hidden=\"true\"><\/span><span class=\"hidden\">Imprimir<\/span><\/a><\/li><br><\/ul><\/div><\/div><\/div><\/div><\/div><div class=\"vce-col vce-col--md-auto vce-col--xs-1 vce-col--xs-last vce-col--xs-first vce-col--sm-last vce-col--sm-first vce-col--md-last vce-col--lg-last vce-col--xl-last\" id=\"el-fdf2269c\"><div class=\"vce-col-inner\" data-vce-do-apply=\"border margin background  el-fdf2269c\"><div class=\"vce-col-content\" data-vce-element-content=\"true\" data-vce-do-apply=\"padding el-fdf2269c\"><div class=\"vce-text-block\"><div class=\"vce-text-block-wrapper vce\" id=\"el-dc4a720e\" data-vce-do-apply=\"all el-dc4a720e\"><div class=\"section-count\">N\u00famero de visitas a esta p\u00e1gina 0<br>Fecha de publicaci\u00f3n 5 mayo, 2022<br>\u00daltima modificaci\u00f3n 25 septiembre, 2024<\/div><\/div><\/div><\/div><\/div><\/div><\/div><\/div><\/div>","protected":false},"excerpt":{"rendered":"","protected":false},"author":3,"featured_media":10881,"comment_status":"closed","ping_status":"closed","sticky":false,"template":"","format":"image","meta":{"footnotes":"","_joinchat":[]},"categories":[12,11,13],"tags":[],"_links":{"self":[{"href":"https:\/\/amc.gov.co\/amc\/wp-json\/wp\/v2\/posts\/10880"}],"collection":[{"href":"https:\/\/amc.gov.co\/amc\/wp-json\/wp\/v2\/posts"}],"about":[{"href":"https:\/\/amc.gov.co\/amc\/wp-json\/wp\/v2\/types\/post"}],"author":[{"embeddable":true,"href":"https:\/\/amc.gov.co\/amc\/wp-json\/wp\/v2\/users\/3"}],"replies":[{"embeddable":true,"href":"https:\/\/amc.gov.co\/amc\/wp-json\/wp\/v2\/comments?post=10880"}],"version-history":[{"count":5,"href":"https:\/\/amc.gov.co\/amc\/wp-json\/wp\/v2\/posts\/10880\/revisions"}],"predecessor-version":[{"id":10889,"href":"https:\/\/amc.gov.co\/amc\/wp-json\/wp\/v2\/posts\/10880\/revisions\/10889"}],"wp:featuredmedia":[{"embeddable":true,"href":"https:\/\/amc.gov.co\/amc\/wp-json\/wp\/v2\/media\/10881"}],"wp:attachment":[{"href":"https:\/\/amc.gov.co\/amc\/wp-json\/wp\/v2\/media?parent=10880"}],"wp:term":[{"taxonomy":"category","embeddable":true,"href":"https:\/\/amc.gov.co\/amc\/wp-json\/wp\/v2\/categories?post=10880"},{"taxonomy":"post_tag","embeddable":true,"href":"https:\/\/amc.gov.co\/amc\/wp-json\/wp\/v2\/tags?post=10880"}],"curies":[{"name":"wp","href":"https:\/\/api.w.org\/{rel}","templated":true}]}}